{"id":30802,"date":"2023-06-16T10:42:06","date_gmt":"2023-06-16T08:42:06","guid":{"rendered":"https:\/\/blogs.elcomercio.es\/reflexiones-de-belarmino\/?p=30802"},"modified":"2023-06-16T10:42:06","modified_gmt":"2023-06-16T08:42:06","slug":"por-que-feijoo-dejo-fuera-a-al-pp-de-oviedo-de-las-listas-asturianas","status":"publish","type":"post","link":"https:\/\/blogs.elcomercio.es\/reflexiones-de-belarmino\/2023\/06\/16\/por-que-feijoo-dejo-fuera-a-al-pp-de-oviedo-de-las-listas-asturianas\/","title":{"rendered":"\u00a1\u00a1\u00a1\u00a1\u00bfPOR QUE FEIJ\u00d3O DEJO FUERA A AL PP DE OVIEDO DE LAS LISTAS ASTURIANAS?"},"content":{"rendered":"<p><b>Agust\u00edn Iglesias Caunedo\u00a0 presidente de la Junta Local del PP arremeti\u00f3\u00a0ayer duramente contra Feij\u00f3o, por haber dejado al PP de Oviedo fuera de las listas municipales..Esther Llamazares en Avil\u00e9s la encabeza, luego Mercedes Fernandez de Gij\u00f3n y el tercer lugar para Silverio Arguelles de Llanera.<\/b><\/p>\n<p><b>\u00bf Se quedar\u00e1 Cangas como algunos planteaban\u00a0o ya tiene sus vacaciones reservadas fuera del Principado?<\/b><\/p>\n<!-- AddThis Advanced Settings generic via filter on the_content --><!-- AddThis Share Buttons generic via filter on the_content -->","protected":false},"excerpt":{"rendered":"<p>Agust\u00edn Iglesias Caunedo\u00a0 presidente de la Junta Local del PP arremeti\u00f3\u00a0ayer duramente contra Feij\u00f3o, por haber dejado al PP de Oviedo fuera de las listas municipales..Esther Llamazares en Avil\u00e9s la encabeza, luego Mercedes Fernandez de Gij\u00f3n y el tercer lugar para Silverio Arguelles de Llanera. \u00bf Se quedar\u00e1 Cangas como algunos planteaban\u00a0o ya tiene sus [&hellip;]<!-- AddThis Advanced Settings generic via filter on get_the_excerpt --><!-- AddThis Share Buttons generic via filter on get_the_excerpt --><\/p>\n","protected":false},"author":16,"featured_media":0,"comment_status":"open","ping_status":"closed","sticky":false,"template":"","format":"standard","meta":[],"categories":[1],"tags":[],"_links":{"self":[{"href":"https:\/\/blogs.elcomercio.es\/reflexiones-de-belarmino\/wp-json\/wp\/v2\/posts\/30802"}],"collection":[{"href":"https:\/\/blogs.elcomercio.es\/reflexiones-de-belarmino\/wp-json\/wp\/v2\/posts"}],"about":[{"href":"https:\/\/blogs.elcomercio.es\/reflexiones-de-belarmino\/wp-json\/wp\/v2\/types\/post"}],"author":[{"embeddable":true,"href":"https:\/\/blogs.elcomercio.es\/reflexiones-de-belarmino\/wp-json\/wp\/v2\/users\/16"}],"replies":[{"embeddable":true,"href":"https:\/\/blogs.elcomercio.es\/reflexiones-de-belarmino\/wp-json\/wp\/v2\/comments?post=30802"}],"version-history":[{"count":1,"href":"https:\/\/blogs.elcomercio.es\/reflexiones-de-belarmino\/wp-json\/wp\/v2\/posts\/30802\/revisions"}],"predecessor-version":[{"id":30803,"href":"https:\/\/blogs.elcomercio.es\/reflexiones-de-belarmino\/wp-json\/wp\/v2\/posts\/30802\/revisions\/30803"}],"wp:attachment":[{"href":"https:\/\/blogs.elcomercio.es\/reflexiones-de-belarmino\/wp-json\/wp\/v2\/media?parent=30802"}],"wp:term":[{"taxonomy":"category","embeddable":true,"href":"https:\/\/blogs.elcomercio.es\/reflexiones-de-belarmino\/wp-json\/wp\/v2\/categories?post=30802"},{"taxonomy":"post_tag","embeddable":true,"href":"https:\/\/blogs.elcomercio.es\/reflexiones-de-belarmino\/wp-json\/wp\/v2\/tags?post=30802"}],"curies":[{"name":"wp","href":"https:\/\/api.w.org\/{rel}","templated":true}]}}