{"id":30870,"date":"2023-06-20T10:17:46","date_gmt":"2023-06-20T08:17:46","guid":{"rendered":"https:\/\/blogs.elcomercio.es\/reflexiones-de-belarmino\/?p=30870"},"modified":"2023-06-20T10:17:46","modified_gmt":"2023-06-20T08:17:46","slug":"te-voy-a-estar-jodiendo-toda-la-vida-hasta-que-mueras-y-acabe-contigocarlos-flores-un-divorcio-duro-no-es-violencia-machistafeijoo","status":"publish","type":"post","link":"https:\/\/blogs.elcomercio.es\/reflexiones-de-belarmino\/2023\/06\/20\/te-voy-a-estar-jodiendo-toda-la-vida-hasta-que-mueras-y-acabe-contigocarlos-flores-un-divorcio-duro-no-es-violencia-machistafeijoo\/","title":{"rendered":"\u00a1\u00a1\u00a1&#8221;TE VOY A ESTAR JODIENDO TODA LA VIDA HASTA QUE MUERAS Y ACABE CONTIGO&#8221;,CARLOS FLORES.- &#8221; UN DIVORCIO DURO, NO ES VIOLENCIA MACHISTA&#8221;:FEIJ\u00d3O !!!"},"content":{"rendered":"<p><b>Carlos Flores, el hombre de Vox en la Comunidad Valenciana, hoy encabezando la Asamblea, fue condenado en 2002, por las agresiones\u00a0psicol\u00f3gicas\u00a0y f\u00edsicas\u00a0a su mujer.&#8221;Te voy a estar jodiendo toda la vida hasta que mueras y acabe contigo&#8221;, consta en el juicio con 21 agresiones m\u00e1s. Para Alberto Nu\u00f1ez Feij\u00f3o, &#8221; no fue violencia machista, SOLO UN DIVORCIO DURO &#8220;.<\/b><\/p>\n<!-- AddThis Advanced Settings generic via filter on the_content --><!-- AddThis Share Buttons generic via filter on the_content -->","protected":false},"excerpt":{"rendered":"<p>Carlos Flores, el hombre de Vox en la Comunidad Valenciana, hoy encabezando la Asamblea, fue condenado en 2002, por las agresiones\u00a0psicol\u00f3gicas\u00a0y f\u00edsicas\u00a0a su mujer.&#8221;Te voy a estar jodiendo toda la vida hasta que mueras y acabe contigo&#8221;, consta en el juicio con 21 agresiones m\u00e1s. Para Alberto Nu\u00f1ez Feij\u00f3o, &#8221; no fue violencia machista, SOLO [&hellip;]<!-- AddThis Advanced Settings generic via filter on get_the_excerpt --><!-- AddThis Share Buttons generic via filter on get_the_excerpt --><\/p>\n","protected":false},"author":16,"featured_media":0,"comment_status":"open","ping_status":"closed","sticky":false,"template":"","format":"standard","meta":[],"categories":[1],"tags":[],"_links":{"self":[{"href":"https:\/\/blogs.elcomercio.es\/reflexiones-de-belarmino\/wp-json\/wp\/v2\/posts\/30870"}],"collection":[{"href":"https:\/\/blogs.elcomercio.es\/reflexiones-de-belarmino\/wp-json\/wp\/v2\/posts"}],"about":[{"href":"https:\/\/blogs.elcomercio.es\/reflexiones-de-belarmino\/wp-json\/wp\/v2\/types\/post"}],"author":[{"embeddable":true,"href":"https:\/\/blogs.elcomercio.es\/reflexiones-de-belarmino\/wp-json\/wp\/v2\/users\/16"}],"replies":[{"embeddable":true,"href":"https:\/\/blogs.elcomercio.es\/reflexiones-de-belarmino\/wp-json\/wp\/v2\/comments?post=30870"}],"version-history":[{"count":2,"href":"https:\/\/blogs.elcomercio.es\/reflexiones-de-belarmino\/wp-json\/wp\/v2\/posts\/30870\/revisions"}],"predecessor-version":[{"id":30872,"href":"https:\/\/blogs.elcomercio.es\/reflexiones-de-belarmino\/wp-json\/wp\/v2\/posts\/30870\/revisions\/30872"}],"wp:attachment":[{"href":"https:\/\/blogs.elcomercio.es\/reflexiones-de-belarmino\/wp-json\/wp\/v2\/media?parent=30870"}],"wp:term":[{"taxonomy":"category","embeddable":true,"href":"https:\/\/blogs.elcomercio.es\/reflexiones-de-belarmino\/wp-json\/wp\/v2\/categories?post=30870"},{"taxonomy":"post_tag","embeddable":true,"href":"https:\/\/blogs.elcomercio.es\/reflexiones-de-belarmino\/wp-json\/wp\/v2\/tags?post=30870"}],"curies":[{"name":"wp","href":"https:\/\/api.w.org\/{rel}","templated":true}]}}