{"id":30876,"date":"2023-06-20T16:18:18","date_gmt":"2023-06-20T14:18:18","guid":{"rendered":"https:\/\/blogs.elcomercio.es\/reflexiones-de-belarmino\/?p=30876"},"modified":"2023-06-20T16:18:18","modified_gmt":"2023-06-20T14:18:18","slug":"feijoo-ha-legitimado-el-maltrato-a-las-mujeres-por-estar-en-un-proceso-de-separacion-esto-lo-invalida-para-gobernaryolanda-diaz","status":"publish","type":"post","link":"https:\/\/blogs.elcomercio.es\/reflexiones-de-belarmino\/2023\/06\/20\/feijoo-ha-legitimado-el-maltrato-a-las-mujeres-por-estar-en-un-proceso-de-separacion-esto-lo-invalida-para-gobernaryolanda-diaz\/","title":{"rendered":"\u00a1\u00a1\u00a1\u00a1&#8221;FEIJ\u00d3O HA LEGITIMADO EL MALTRATO A LAS MUJERES POR ESTAR EN UN PROCESO DE SEPARACI\u00d3N. ESTO LO INVALIDA PARA GOBERNAR&#8221;:YOLANDA DIAZ&#8221;"},"content":{"rendered":"<p><b>En la cadena SER esta ma\u00f1ana, Yolanda D\u00edaz ha contestado a los enredos en que est\u00e1 metido el Partido Popular en sus alianzas con VOX, y que llevaron ayer ,\u00a0 Alberto Nu\u00f1ez Feij\u00f3o a declarar, &#8220;que\u00a0no hay violencia machista , sino un mal divorcio &#8220;.<\/b><\/p>\n<p><b>Yolanda D\u00edaz que no s\u00f3lo concibi\u00f3\u00a0y materializ\u00f3 SUMAR, con todos los \u00e1mbitos\u00a0de la izquierda y con los Secretarios Generales de CC.OO, y UGT; que no s\u00f3lo ha sabido avanzar con Podemos bajo su liderazgo, y que hoy ha incorporado\u00a0al portavoz econ\u00f3mico\u00a0de econom\u00eda\u00a0al dirigente de Podemos Nacho Alvarez, sino que\u00a0 est\u00e1 mostrando mesura y dureza\u00a0en sus mensajes ante los medios de comunicaci\u00f3n.<\/b><\/p>\n<p><strong>&#8221; El Pueblo espa\u00f1ol, percibe de que a pesar de los avances econ\u00f3micos macros, en el d\u00eda a d\u00eda\u00a0 a trav\u00e9s de los alimentos y la vida diaria\u00a0 siente que algo no marcha del todo bien, y tiene raz\u00f3n &#8220;, dijo ayer.<\/strong><\/p>\n<!-- AddThis Advanced Settings generic via filter on the_content --><!-- AddThis Share Buttons generic via filter on the_content -->","protected":false},"excerpt":{"rendered":"<p>En la cadena SER esta ma\u00f1ana, Yolanda D\u00edaz ha contestado a los enredos en que est\u00e1 metido el Partido Popular en sus alianzas con VOX, y que llevaron ayer ,\u00a0 Alberto Nu\u00f1ez Feij\u00f3o a declarar, &#8220;que\u00a0no hay violencia machista , sino un mal divorcio &#8220;. Yolanda D\u00edaz que no s\u00f3lo concibi\u00f3\u00a0y materializ\u00f3 SUMAR, con todos [&hellip;]<!-- AddThis Advanced Settings generic via filter on get_the_excerpt --><!-- AddThis Share Buttons generic via filter on get_the_excerpt --><\/p>\n","protected":false},"author":16,"featured_media":0,"comment_status":"open","ping_status":"closed","sticky":false,"template":"","format":"standard","meta":[],"categories":[1],"tags":[],"_links":{"self":[{"href":"https:\/\/blogs.elcomercio.es\/reflexiones-de-belarmino\/wp-json\/wp\/v2\/posts\/30876"}],"collection":[{"href":"https:\/\/blogs.elcomercio.es\/reflexiones-de-belarmino\/wp-json\/wp\/v2\/posts"}],"about":[{"href":"https:\/\/blogs.elcomercio.es\/reflexiones-de-belarmino\/wp-json\/wp\/v2\/types\/post"}],"author":[{"embeddable":true,"href":"https:\/\/blogs.elcomercio.es\/reflexiones-de-belarmino\/wp-json\/wp\/v2\/users\/16"}],"replies":[{"embeddable":true,"href":"https:\/\/blogs.elcomercio.es\/reflexiones-de-belarmino\/wp-json\/wp\/v2\/comments?post=30876"}],"version-history":[{"count":3,"href":"https:\/\/blogs.elcomercio.es\/reflexiones-de-belarmino\/wp-json\/wp\/v2\/posts\/30876\/revisions"}],"predecessor-version":[{"id":30879,"href":"https:\/\/blogs.elcomercio.es\/reflexiones-de-belarmino\/wp-json\/wp\/v2\/posts\/30876\/revisions\/30879"}],"wp:attachment":[{"href":"https:\/\/blogs.elcomercio.es\/reflexiones-de-belarmino\/wp-json\/wp\/v2\/media?parent=30876"}],"wp:term":[{"taxonomy":"category","embeddable":true,"href":"https:\/\/blogs.elcomercio.es\/reflexiones-de-belarmino\/wp-json\/wp\/v2\/categories?post=30876"},{"taxonomy":"post_tag","embeddable":true,"href":"https:\/\/blogs.elcomercio.es\/reflexiones-de-belarmino\/wp-json\/wp\/v2\/tags?post=30876"}],"curies":[{"name":"wp","href":"https:\/\/api.w.org\/{rel}","templated":true}]}}