{"id":30932,"date":"2023-06-24T11:58:22","date_gmt":"2023-06-24T09:58:22","guid":{"rendered":"https:\/\/blogs.elcomercio.es\/reflexiones-de-belarmino\/?p=30932"},"modified":"2023-06-24T11:58:22","modified_gmt":"2023-06-24T09:58:22","slug":"los-chechenos-al-lado-de-putin-van-con-todo-para-acabar-con-la-rebelion-que-podria-cambiar-el-curso-de-la-guerra-o-fortalecer-a-putin","status":"publish","type":"post","link":"https:\/\/blogs.elcomercio.es\/reflexiones-de-belarmino\/2023\/06\/24\/los-chechenos-al-lado-de-putin-van-con-todo-para-acabar-con-la-rebelion-que-podria-cambiar-el-curso-de-la-guerra-o-fortalecer-a-putin\/","title":{"rendered":"\u00a1\u00a1\u00a1\u00a1LOS CHECHENOS, AL LADO DE PUTIN, VAN CON TODO PARA ACABAR CON LA REBELI\u00d3N QUE PODR\u00cdA CAMBIAR EL CURSO DE LA GUERRA O FORTALECER A PUTIN !!!"},"content":{"rendered":"<p><b>Semana crucial. La rebeli\u00f3n\u00a0de los Wagner dirigidos por el empresario Yeugeni Priguzhin , se ha realizado en territorio ruso en la ciudad\u00a0 de Rostov, frontera con Ucrania.Est\u00e1 llamado a una rebeli\u00f3n\u00a0interna, que de tener existo pondr\u00eda en peligro al r\u00e9gimen de Putin.De inmediato, el lider de las fuerzas chechenas, siempre a favor de recuperar las fronteras, se ha puesto a disposici\u00f3n\u00a0de Putin para &#8220;acabar de inmediato con esta rebeli\u00f3n y defender la unidad de Rusia y su gobierno&#8221;..<\/b><\/p>\n<p><strong>No hay m\u00e1s informaci\u00f3n.<\/strong><\/p>\n<p><strong>Es el momento delicado de Vladimir Putin en 23 a\u00f1os. Puede significar su caida o su robustecimiento, seg\u00fan lo que ocurra all\u00ed, y la reacci\u00f3n de las Fuerzas Armadas. Hay que tener en cuenta que el objetivo de Wagner era nada menos de Sighoui el Ministerio de Defensa de Putin.<\/strong><\/p>\n<!-- AddThis Advanced Settings generic via filter on the_content --><!-- AddThis Share Buttons generic via filter on the_content -->","protected":false},"excerpt":{"rendered":"<p>Semana crucial. La rebeli\u00f3n\u00a0de los Wagner dirigidos por el empresario Yeugeni Priguzhin , se ha realizado en territorio ruso en la ciudad\u00a0 de Rostov, frontera con Ucrania.Est\u00e1 llamado a una rebeli\u00f3n\u00a0interna, que de tener existo pondr\u00eda en peligro al r\u00e9gimen de Putin.De inmediato, el lider de las fuerzas chechenas, siempre a favor de recuperar las [&hellip;]<!-- AddThis Advanced Settings generic via filter on get_the_excerpt --><!-- AddThis Share Buttons generic via filter on get_the_excerpt --><\/p>\n","protected":false},"author":16,"featured_media":0,"comment_status":"open","ping_status":"closed","sticky":false,"template":"","format":"standard","meta":[],"categories":[1],"tags":[],"_links":{"self":[{"href":"https:\/\/blogs.elcomercio.es\/reflexiones-de-belarmino\/wp-json\/wp\/v2\/posts\/30932"}],"collection":[{"href":"https:\/\/blogs.elcomercio.es\/reflexiones-de-belarmino\/wp-json\/wp\/v2\/posts"}],"about":[{"href":"https:\/\/blogs.elcomercio.es\/reflexiones-de-belarmino\/wp-json\/wp\/v2\/types\/post"}],"author":[{"embeddable":true,"href":"https:\/\/blogs.elcomercio.es\/reflexiones-de-belarmino\/wp-json\/wp\/v2\/users\/16"}],"replies":[{"embeddable":true,"href":"https:\/\/blogs.elcomercio.es\/reflexiones-de-belarmino\/wp-json\/wp\/v2\/comments?post=30932"}],"version-history":[{"count":3,"href":"https:\/\/blogs.elcomercio.es\/reflexiones-de-belarmino\/wp-json\/wp\/v2\/posts\/30932\/revisions"}],"predecessor-version":[{"id":30935,"href":"https:\/\/blogs.elcomercio.es\/reflexiones-de-belarmino\/wp-json\/wp\/v2\/posts\/30932\/revisions\/30935"}],"wp:attachment":[{"href":"https:\/\/blogs.elcomercio.es\/reflexiones-de-belarmino\/wp-json\/wp\/v2\/media?parent=30932"}],"wp:term":[{"taxonomy":"category","embeddable":true,"href":"https:\/\/blogs.elcomercio.es\/reflexiones-de-belarmino\/wp-json\/wp\/v2\/categories?post=30932"},{"taxonomy":"post_tag","embeddable":true,"href":"https:\/\/blogs.elcomercio.es\/reflexiones-de-belarmino\/wp-json\/wp\/v2\/tags?post=30932"}],"curies":[{"name":"wp","href":"https:\/\/api.w.org\/{rel}","templated":true}]}}