{"id":30941,"date":"2023-06-24T17:17:48","date_gmt":"2023-06-24T15:17:48","guid":{"rendered":"https:\/\/blogs.elcomercio.es\/reflexiones-de-belarmino\/?p=30941"},"modified":"2023-06-24T17:17:48","modified_gmt":"2023-06-24T15:17:48","slug":"priguzhin-perdio-el-contacto-con-la-realidad-rusa-no-prosperara-mira-milosevich-erdogan-piden-rebajar-dureza-de-la-respuesta-de-putin","status":"publish","type":"post","link":"https:\/\/blogs.elcomercio.es\/reflexiones-de-belarmino\/2023\/06\/24\/priguzhin-perdio-el-contacto-con-la-realidad-rusa-no-prosperara-mira-milosevich-erdogan-piden-rebajar-dureza-de-la-respuesta-de-putin\/","title":{"rendered":"\u00a1\u00a1\u00a1\u00a1&#8221;PRIGUZHIN, PERDIO EL CONTACTO CON LA REALIDAD RUSA.NO PROSPERAR\u00c1&#8221;; MIRA MILOSEVICH. ERDOGAN  PIDEN REBAJAR DUREZA DE LA RESPUESTA DE PUTIN !!!"},"content":{"rendered":"<p><b>La investigadora principal para Rusia, Eurorusia y Los Balcanes del Instituto ElCano, Mira Milosevich,considera que Priguzhin el due\u00f1o de los Wagner, &#8221; ha perdido el contacto con la realidad rusa y que no prosperar\u00e1\u00a0su intento&#8221;, mientras Erdog\u00e1n, con la misma visi\u00f3n, pide a Putin, moderaci\u00f3n en la respuesta a este intento.<\/b><\/p>\n<p><b> Putin declar\u00f3 hoy enfurecido que esto no es una traici\u00f3n a la patria\u00a0sino una &#8220;pu\u00f1alada\u00a0en la espalda&#8221;,toda vez\u00a0 que este hombre\u00a0 se hizo rico con el nuevo r\u00e9gimen, due\u00f1o de una cadena de restaurantes a donde llev\u00f3\u00a0 Putin a comer hace a\u00f1os a los principales lideres internacionales, y m\u00e1s tarde hizo el negocio de contratar mercenarios y venderle a Putin sus servicios.<\/b><\/p>\n<p><b>Priguzhin, no tiene marcha atr\u00e1s. Est\u00e1 con su grupo a 350 kil\u00f3metros\u00a0de Mosc\u00fa, sin apoyo al frente y al sur, salvo informaciones que no se conozcan. Creemos\u00a0que nadie va a traicionar en el marco militar y con todo el apoyo de la Iglesia Ortodoxo Rusa, a Putin y por ello la alerta de Erdog\u00e1n a lo que el lider ruso\u00a0 ha llamado una &#8220;brutal&#8221;respuesta.<\/b><\/p>\n<p>&nbsp;<\/p>\n<!-- AddThis Advanced Settings generic via filter on the_content --><!-- AddThis Share Buttons generic via filter on the_content -->","protected":false},"excerpt":{"rendered":"<p>La investigadora principal para Rusia, Eurorusia y Los Balcanes del Instituto ElCano, Mira Milosevich,considera que Priguzhin el due\u00f1o de los Wagner, &#8221; ha perdido el contacto con la realidad rusa y que no prosperar\u00e1\u00a0su intento&#8221;, mientras Erdog\u00e1n, con la misma visi\u00f3n, pide a Putin, moderaci\u00f3n en la respuesta a este intento. Putin declar\u00f3 hoy enfurecido [&hellip;]<!-- AddThis Advanced Settings generic via filter on get_the_excerpt --><!-- AddThis Share Buttons generic via filter on get_the_excerpt --><\/p>\n","protected":false},"author":16,"featured_media":0,"comment_status":"open","ping_status":"closed","sticky":false,"template":"","format":"standard","meta":[],"categories":[1],"tags":[],"_links":{"self":[{"href":"https:\/\/blogs.elcomercio.es\/reflexiones-de-belarmino\/wp-json\/wp\/v2\/posts\/30941"}],"collection":[{"href":"https:\/\/blogs.elcomercio.es\/reflexiones-de-belarmino\/wp-json\/wp\/v2\/posts"}],"about":[{"href":"https:\/\/blogs.elcomercio.es\/reflexiones-de-belarmino\/wp-json\/wp\/v2\/types\/post"}],"author":[{"embeddable":true,"href":"https:\/\/blogs.elcomercio.es\/reflexiones-de-belarmino\/wp-json\/wp\/v2\/users\/16"}],"replies":[{"embeddable":true,"href":"https:\/\/blogs.elcomercio.es\/reflexiones-de-belarmino\/wp-json\/wp\/v2\/comments?post=30941"}],"version-history":[{"count":1,"href":"https:\/\/blogs.elcomercio.es\/reflexiones-de-belarmino\/wp-json\/wp\/v2\/posts\/30941\/revisions"}],"predecessor-version":[{"id":30942,"href":"https:\/\/blogs.elcomercio.es\/reflexiones-de-belarmino\/wp-json\/wp\/v2\/posts\/30941\/revisions\/30942"}],"wp:attachment":[{"href":"https:\/\/blogs.elcomercio.es\/reflexiones-de-belarmino\/wp-json\/wp\/v2\/media?parent=30941"}],"wp:term":[{"taxonomy":"category","embeddable":true,"href":"https:\/\/blogs.elcomercio.es\/reflexiones-de-belarmino\/wp-json\/wp\/v2\/categories?post=30941"},{"taxonomy":"post_tag","embeddable":true,"href":"https:\/\/blogs.elcomercio.es\/reflexiones-de-belarmino\/wp-json\/wp\/v2\/tags?post=30941"}],"curies":[{"name":"wp","href":"https:\/\/api.w.org\/{rel}","templated":true}]}}