{"id":30950,"date":"2023-06-25T13:15:22","date_gmt":"2023-06-25T11:15:22","guid":{"rendered":"https:\/\/blogs.elcomercio.es\/reflexiones-de-belarmino\/?p=30950"},"modified":"2023-06-25T13:15:22","modified_gmt":"2023-06-25T11:15:22","slug":"libremente-el-23-de-julio-los-espanoles-diran-si-quieren-la-espana-a-color-o-volver-al-blanco-y-negro-nadie-se-engane-de-eso-se-juega","status":"publish","type":"post","link":"https:\/\/blogs.elcomercio.es\/reflexiones-de-belarmino\/2023\/06\/25\/libremente-el-23-de-julio-los-espanoles-diran-si-quieren-la-espana-a-color-o-volver-al-blanco-y-negro-nadie-se-engane-de-eso-se-juega\/","title":{"rendered":"\u00a1\u00a1\u00a1\u00a1LIBREMENTE, EL 23 DE JULIO, LOS ESPA\u00d1OLES DIRAN SI QUIEREN LA ESPA\u00d1A A COLOR O VOLVER AL BLANCO Y NEGRO. NADIE SE ENGA\u00d1E. DE ESO SE JUEGA !!!"},"content":{"rendered":"<p><b>Para que damos rodeos. En Espa\u00f1a tienen miedo al Sanchismo y en Europa al Antisanchismo. Est\u00e1 en manos nuestras.El 23 de julio, libremente, decidiremos si queremos la Espa\u00f1a de Color o volver al blanco y negro.Cada quien estudie bien que se juega. Deje al est\u00f3mago, y use la mente fr\u00eda, y decida. Lo que decida, lo viviremos\u00a0nosotros, nuestros hijos y nietos , 4 a\u00f1os.Nadie se lamente despu\u00e9s, una vez cerradas las urnas. Aqu\u00ed\u00a0hay unos avances econ\u00f3micos\u00a0y sociales ya logrados que quien\u00a0 quiera acabar con ellos va a sacar a la gente a las calles.<\/b><\/p>\n<!-- AddThis Advanced Settings generic via filter on the_content --><!-- AddThis Share Buttons generic via filter on the_content -->","protected":false},"excerpt":{"rendered":"<p>Para que damos rodeos. En Espa\u00f1a tienen miedo al Sanchismo y en Europa al Antisanchismo. Est\u00e1 en manos nuestras.El 23 de julio, libremente, decidiremos si queremos la Espa\u00f1a de Color o volver al blanco y negro.Cada quien estudie bien que se juega. Deje al est\u00f3mago, y use la mente fr\u00eda, y decida. Lo que decida, [&hellip;]<!-- AddThis Advanced Settings generic via filter on get_the_excerpt --><!-- AddThis Share Buttons generic via filter on get_the_excerpt --><\/p>\n","protected":false},"author":16,"featured_media":0,"comment_status":"open","ping_status":"closed","sticky":false,"template":"","format":"standard","meta":[],"categories":[1],"tags":[],"_links":{"self":[{"href":"https:\/\/blogs.elcomercio.es\/reflexiones-de-belarmino\/wp-json\/wp\/v2\/posts\/30950"}],"collection":[{"href":"https:\/\/blogs.elcomercio.es\/reflexiones-de-belarmino\/wp-json\/wp\/v2\/posts"}],"about":[{"href":"https:\/\/blogs.elcomercio.es\/reflexiones-de-belarmino\/wp-json\/wp\/v2\/types\/post"}],"author":[{"embeddable":true,"href":"https:\/\/blogs.elcomercio.es\/reflexiones-de-belarmino\/wp-json\/wp\/v2\/users\/16"}],"replies":[{"embeddable":true,"href":"https:\/\/blogs.elcomercio.es\/reflexiones-de-belarmino\/wp-json\/wp\/v2\/comments?post=30950"}],"version-history":[{"count":1,"href":"https:\/\/blogs.elcomercio.es\/reflexiones-de-belarmino\/wp-json\/wp\/v2\/posts\/30950\/revisions"}],"predecessor-version":[{"id":30951,"href":"https:\/\/blogs.elcomercio.es\/reflexiones-de-belarmino\/wp-json\/wp\/v2\/posts\/30950\/revisions\/30951"}],"wp:attachment":[{"href":"https:\/\/blogs.elcomercio.es\/reflexiones-de-belarmino\/wp-json\/wp\/v2\/media?parent=30950"}],"wp:term":[{"taxonomy":"category","embeddable":true,"href":"https:\/\/blogs.elcomercio.es\/reflexiones-de-belarmino\/wp-json\/wp\/v2\/categories?post=30950"},{"taxonomy":"post_tag","embeddable":true,"href":"https:\/\/blogs.elcomercio.es\/reflexiones-de-belarmino\/wp-json\/wp\/v2\/tags?post=30950"}],"curies":[{"name":"wp","href":"https:\/\/api.w.org\/{rel}","templated":true}]}}