{"id":30954,"date":"2023-06-25T17:31:16","date_gmt":"2023-06-25T15:31:16","guid":{"rendered":"https:\/\/blogs.elcomercio.es\/reflexiones-de-belarmino\/?p=30954"},"modified":"2023-06-25T17:31:16","modified_gmt":"2023-06-25T15:31:16","slug":"acabar-con-el-aborto-la-eutanasia-violencia-de-genero-y-cambio-climatico-demandas-de-abascal-a-nunez-feijoo-para-apoyarlo","status":"publish","type":"post","link":"https:\/\/blogs.elcomercio.es\/reflexiones-de-belarmino\/2023\/06\/25\/acabar-con-el-aborto-la-eutanasia-violencia-de-genero-y-cambio-climatico-demandas-de-abascal-a-nunez-feijoo-para-apoyarlo\/","title":{"rendered":"\u00a1\u00a1\u00a1ACABAR CON EL ABORTO, LA EUTANASIA, VIOLENCIA DE GENERO Y CAMBIO CLIM\u00c1TICO, DEMANDAS DE ABASCAL A NU\u00d1EZ FEIJOO PARA APOYARLO !!!"},"content":{"rendered":"<p><b>Para que se conozca la letra peque\u00f1a antes\u00a0 de votar. Hoy en el Palacio\u00a0Municipal de Congresos de Madrid, Santiago Abascal puso los puntos sobre la mesa. Apoyar\u00e1 a Feij\u00f3o, s\u00f3lo si DEROGA,entre otras leyes, EL ABORTO, LA EUTANASIA, EL BIENESTAR ANIMAL, LA VIOLENCIA DE GENERO Y EL CAMBIO CLIM\u00c1TICO. Como Feij\u00f3o solo puede llegar con el apoyo de Vox, ESTA ES LA ESPA\u00d1A EN\u00a0 BLANCO Y NEGRO a donde nos ofrece llegar la derecha espa\u00f1ola.<\/b><\/p>\n<!-- AddThis Advanced Settings generic via filter on the_content --><!-- AddThis Share Buttons generic via filter on the_content -->","protected":false},"excerpt":{"rendered":"<p>Para que se conozca la letra peque\u00f1a antes\u00a0 de votar. Hoy en el Palacio\u00a0Municipal de Congresos de Madrid, Santiago Abascal puso los puntos sobre la mesa. Apoyar\u00e1 a Feij\u00f3o, s\u00f3lo si DEROGA,entre otras leyes, EL ABORTO, LA EUTANASIA, EL BIENESTAR ANIMAL, LA VIOLENCIA DE GENERO Y EL CAMBIO CLIM\u00c1TICO. Como Feij\u00f3o solo puede llegar con [&hellip;]<!-- AddThis Advanced Settings generic via filter on get_the_excerpt --><!-- AddThis Share Buttons generic via filter on get_the_excerpt --><\/p>\n","protected":false},"author":16,"featured_media":0,"comment_status":"open","ping_status":"closed","sticky":false,"template":"","format":"standard","meta":[],"categories":[1],"tags":[],"_links":{"self":[{"href":"https:\/\/blogs.elcomercio.es\/reflexiones-de-belarmino\/wp-json\/wp\/v2\/posts\/30954"}],"collection":[{"href":"https:\/\/blogs.elcomercio.es\/reflexiones-de-belarmino\/wp-json\/wp\/v2\/posts"}],"about":[{"href":"https:\/\/blogs.elcomercio.es\/reflexiones-de-belarmino\/wp-json\/wp\/v2\/types\/post"}],"author":[{"embeddable":true,"href":"https:\/\/blogs.elcomercio.es\/reflexiones-de-belarmino\/wp-json\/wp\/v2\/users\/16"}],"replies":[{"embeddable":true,"href":"https:\/\/blogs.elcomercio.es\/reflexiones-de-belarmino\/wp-json\/wp\/v2\/comments?post=30954"}],"version-history":[{"count":2,"href":"https:\/\/blogs.elcomercio.es\/reflexiones-de-belarmino\/wp-json\/wp\/v2\/posts\/30954\/revisions"}],"predecessor-version":[{"id":30956,"href":"https:\/\/blogs.elcomercio.es\/reflexiones-de-belarmino\/wp-json\/wp\/v2\/posts\/30954\/revisions\/30956"}],"wp:attachment":[{"href":"https:\/\/blogs.elcomercio.es\/reflexiones-de-belarmino\/wp-json\/wp\/v2\/media?parent=30954"}],"wp:term":[{"taxonomy":"category","embeddable":true,"href":"https:\/\/blogs.elcomercio.es\/reflexiones-de-belarmino\/wp-json\/wp\/v2\/categories?post=30954"},{"taxonomy":"post_tag","embeddable":true,"href":"https:\/\/blogs.elcomercio.es\/reflexiones-de-belarmino\/wp-json\/wp\/v2\/tags?post=30954"}],"curies":[{"name":"wp","href":"https:\/\/api.w.org\/{rel}","templated":true}]}}