{"id":30963,"date":"2023-06-26T12:01:02","date_gmt":"2023-06-26T10:01:02","guid":{"rendered":"https:\/\/blogs.elcomercio.es\/reflexiones-de-belarmino\/?p=30963"},"modified":"2023-06-26T12:01:54","modified_gmt":"2023-06-26T10:01:54","slug":"la-izquierda-sale-del-colapso-pp-y-vox-no-suman-y-sumar-ya-es-tercera-fuerza","status":"publish","type":"post","link":"https:\/\/blogs.elcomercio.es\/reflexiones-de-belarmino\/2023\/06\/26\/la-izquierda-sale-del-colapso-pp-y-vox-no-suman-y-sumar-ya-es-tercera-fuerza\/","title":{"rendered":"\u00a1\u00a1\u00a1LA IZQUIERDA SALE DEL COLAPSO.- PP Y VOX NO SUMAN, Y SUMAR YA  ES TERCERA FUERZA !!!"},"content":{"rendered":"<p><strong>Sigma Dos publica hoy su encuesta. En 10 d\u00edas, la izquierda sale del colapso; PP y VOX quedar\u00edan, por su enfrentamientos y la percepci\u00f3n de que representan lo mismo,\u00a0 deja en 47.5. La fuerza que gana 6 esca\u00f1os, y sube\u00a0 con 13.7 hasta desplazar a Vox de la tercera posici\u00f3n es SUMAR con 13.7, tras dejar a un lado a Irene Montero.<\/strong><\/p>\n<p><strong>PP( 34.1 ), mas VOX( 13.4 ) = 47.5.<\/strong><\/p>\n<p><strong>PSOE ( 28.14), SUMAR ( 13.7) Y OTROS= 52.5.<\/strong><\/p>\n<p><strong>Faltan 4 semanas, la encuesta es s\u00f3lo eso, una radiograf\u00eda, pero&#8230;&#8230;.<\/strong><\/p>\n<!-- AddThis Advanced Settings generic via filter on the_content --><!-- AddThis Share Buttons generic via filter on the_content -->","protected":false},"excerpt":{"rendered":"<p>Sigma Dos publica hoy su encuesta. En 10 d\u00edas, la izquierda sale del colapso; PP y VOX quedar\u00edan, por su enfrentamientos y la percepci\u00f3n de que representan lo mismo,\u00a0 deja en 47.5. La fuerza que gana 6 esca\u00f1os, y sube\u00a0 con 13.7 hasta desplazar a Vox de la tercera posici\u00f3n es SUMAR con 13.7, tras [&hellip;]<!-- AddThis Advanced Settings generic via filter on get_the_excerpt --><!-- AddThis Share Buttons generic via filter on get_the_excerpt --><\/p>\n","protected":false},"author":16,"featured_media":0,"comment_status":"open","ping_status":"closed","sticky":false,"template":"","format":"standard","meta":[],"categories":[1],"tags":[],"_links":{"self":[{"href":"https:\/\/blogs.elcomercio.es\/reflexiones-de-belarmino\/wp-json\/wp\/v2\/posts\/30963"}],"collection":[{"href":"https:\/\/blogs.elcomercio.es\/reflexiones-de-belarmino\/wp-json\/wp\/v2\/posts"}],"about":[{"href":"https:\/\/blogs.elcomercio.es\/reflexiones-de-belarmino\/wp-json\/wp\/v2\/types\/post"}],"author":[{"embeddable":true,"href":"https:\/\/blogs.elcomercio.es\/reflexiones-de-belarmino\/wp-json\/wp\/v2\/users\/16"}],"replies":[{"embeddable":true,"href":"https:\/\/blogs.elcomercio.es\/reflexiones-de-belarmino\/wp-json\/wp\/v2\/comments?post=30963"}],"version-history":[{"count":2,"href":"https:\/\/blogs.elcomercio.es\/reflexiones-de-belarmino\/wp-json\/wp\/v2\/posts\/30963\/revisions"}],"predecessor-version":[{"id":30965,"href":"https:\/\/blogs.elcomercio.es\/reflexiones-de-belarmino\/wp-json\/wp\/v2\/posts\/30963\/revisions\/30965"}],"wp:attachment":[{"href":"https:\/\/blogs.elcomercio.es\/reflexiones-de-belarmino\/wp-json\/wp\/v2\/media?parent=30963"}],"wp:term":[{"taxonomy":"category","embeddable":true,"href":"https:\/\/blogs.elcomercio.es\/reflexiones-de-belarmino\/wp-json\/wp\/v2\/categories?post=30963"},{"taxonomy":"post_tag","embeddable":true,"href":"https:\/\/blogs.elcomercio.es\/reflexiones-de-belarmino\/wp-json\/wp\/v2\/tags?post=30963"}],"curies":[{"name":"wp","href":"https:\/\/api.w.org\/{rel}","templated":true}]}}