{"id":30970,"date":"2023-06-26T14:10:39","date_gmt":"2023-06-26T12:10:39","guid":{"rendered":"https:\/\/blogs.elcomercio.es\/reflexiones-de-belarmino\/?p=30970"},"modified":"2023-06-26T14:10:39","modified_gmt":"2023-06-26T12:10:39","slug":"sergei-shogu-el-ministro-de-defensa-al-que-pedia-su-cabeza-prigozhin-aparece-en-donest-dirigiendo-maniobras","status":"publish","type":"post","link":"https:\/\/blogs.elcomercio.es\/reflexiones-de-belarmino\/2023\/06\/26\/sergei-shogu-el-ministro-de-defensa-al-que-pedia-su-cabeza-prigozhin-aparece-en-donest-dirigiendo-maniobras\/","title":{"rendered":"\u00a1\u00a1\u00a1\u00a1SERGEI SHOGU, EL MINISTRO DE DEFENSA AL QUE PED\u00cdA SU CABEZA PRIGOZHIN APARECE  EN DONEST DIRIGIENDO MANIOBRAS !!!"},"content":{"rendered":"<p><b>Mientras se sabe si la irritaci\u00f3n del due\u00f1o de los mercenarios Wagner, acabada en 24 horas, debilit\u00f3 a fortaleci\u00f3 a Put\u00edn, el archienemigo de Prigozhin, Sergei Shogu Ministro de la Defensa\u00a0 apareci\u00f3 hoy en p\u00fablico revisando las operaciones en Donetsk.<\/b><\/p>\n<p><b>Nosotros mantenemos que Prigozhin se hab\u00eda vuelto inc\u00f3modo para Putin, y que ese arrebato de entrar 300 kms y llamar a la insurrecci\u00f3n,, motiv\u00f3 al lider ruso, a tenderle la emboscada.Los 20 a\u00f1os de c\u00e1rcel, en cuanto se lo trasmiti\u00f3 Lukashenko, dio\u00a0marcha atr\u00e1s, perdi\u00f3 el negocio,el gobierno mantiene bajo su n\u00f3mina a 35,000 hombres mercenarios a sueldo, y se fortaleci\u00f3 en Rusia y ante sus aliados.<\/b><\/p>\n<p><b>Pero EE:UU. Europa, Zalensky, los medios hablan del principio del fin de Putin, consideramos que lo ha fortalecido\u00a0y se quita de en medio a un amigo insoportable, que el lo hizo crecer, y lo us\u00f3, pero la traici\u00f3n no la va a perdonar nunca Vladimir Putin.<\/b><\/p>\n<p><b>La guerra seguir\u00e1. La contraofensiva ucraniana\u00a0habr\u00e1 avanzado un kil\u00f3metro en Bajmut, pero el resto de la disputa est\u00e1 intacto.<\/b><\/p>\n<p><strong>No olvidemos no es una lucha de Rusia contra Polonia, ni Alemania, ni Napole\u00f3n, es la GUERRA CONTRA OCCIDENTE.(los 50 paises de que siempre habla Borrel, ya sea refeiriendose aa Venezuela antes y ahora en\u00a0 Ucrania, que son EE:UU. Uni\u00f3n Europea, Reino Unido y la Commonweelth )<\/strong><\/p>\n<p><strong>A Zelensky le queda un a\u00f1o, para tener un exito antes que el apoyo internacional (salvo EE:UU. que lo usa en su particular batalla contra TRump), empiece a desinflarse.<\/strong><\/p>\n<!-- AddThis Advanced Settings generic via filter on the_content --><!-- AddThis Share Buttons generic via filter on the_content -->","protected":false},"excerpt":{"rendered":"<p>Mientras se sabe si la irritaci\u00f3n del due\u00f1o de los mercenarios Wagner, acabada en 24 horas, debilit\u00f3 a fortaleci\u00f3 a Put\u00edn, el archienemigo de Prigozhin, Sergei Shogu Ministro de la Defensa\u00a0 apareci\u00f3 hoy en p\u00fablico revisando las operaciones en Donetsk. Nosotros mantenemos que Prigozhin se hab\u00eda vuelto inc\u00f3modo para Putin, y que ese arrebato de [&hellip;]<!-- AddThis Advanced Settings generic via filter on get_the_excerpt --><!-- AddThis Share Buttons generic via filter on get_the_excerpt --><\/p>\n","protected":false},"author":16,"featured_media":0,"comment_status":"open","ping_status":"closed","sticky":false,"template":"","format":"standard","meta":[],"categories":[1],"tags":[],"_links":{"self":[{"href":"https:\/\/blogs.elcomercio.es\/reflexiones-de-belarmino\/wp-json\/wp\/v2\/posts\/30970"}],"collection":[{"href":"https:\/\/blogs.elcomercio.es\/reflexiones-de-belarmino\/wp-json\/wp\/v2\/posts"}],"about":[{"href":"https:\/\/blogs.elcomercio.es\/reflexiones-de-belarmino\/wp-json\/wp\/v2\/types\/post"}],"author":[{"embeddable":true,"href":"https:\/\/blogs.elcomercio.es\/reflexiones-de-belarmino\/wp-json\/wp\/v2\/users\/16"}],"replies":[{"embeddable":true,"href":"https:\/\/blogs.elcomercio.es\/reflexiones-de-belarmino\/wp-json\/wp\/v2\/comments?post=30970"}],"version-history":[{"count":2,"href":"https:\/\/blogs.elcomercio.es\/reflexiones-de-belarmino\/wp-json\/wp\/v2\/posts\/30970\/revisions"}],"predecessor-version":[{"id":30972,"href":"https:\/\/blogs.elcomercio.es\/reflexiones-de-belarmino\/wp-json\/wp\/v2\/posts\/30970\/revisions\/30972"}],"wp:attachment":[{"href":"https:\/\/blogs.elcomercio.es\/reflexiones-de-belarmino\/wp-json\/wp\/v2\/media?parent=30970"}],"wp:term":[{"taxonomy":"category","embeddable":true,"href":"https:\/\/blogs.elcomercio.es\/reflexiones-de-belarmino\/wp-json\/wp\/v2\/categories?post=30970"},{"taxonomy":"post_tag","embeddable":true,"href":"https:\/\/blogs.elcomercio.es\/reflexiones-de-belarmino\/wp-json\/wp\/v2\/tags?post=30970"}],"curies":[{"name":"wp","href":"https:\/\/api.w.org\/{rel}","templated":true}]}}