{"id":30985,"date":"2023-06-27T10:24:00","date_gmt":"2023-06-27T08:24:00","guid":{"rendered":"https:\/\/blogs.elcomercio.es\/reflexiones-de-belarmino\/?p=30985"},"modified":"2023-06-27T10:24:00","modified_gmt":"2023-06-27T08:24:00","slug":"el-yunque-preside-las-cortes-valencianas-llamas-masso-de-hazte-oir-todos-los-derrotadoss-en-mexico-estan-en-espana-y-los-narcos","status":"publish","type":"post","link":"https:\/\/blogs.elcomercio.es\/reflexiones-de-belarmino\/2023\/06\/27\/el-yunque-preside-las-cortes-valencianas-llamas-masso-de-hazte-oir-todos-los-derrotadoss-en-mexico-estan-en-espana-y-los-narcos\/","title":{"rendered":"\u00a1\u00a1\u00a1\u00a1EL YUNQUE PRESIDE LAS CORTES VALENCIANAS. LLAMAS MASSO, DE &#8220;HAZTE OIR&#8221; TODOS LOS DERROTADOSS EN MEXICO EST\u00c1N EN ESPA\u00d1A, \u00bf Y LOS NARCOS ? !!! !!!"},"content":{"rendered":"<p><b>Al perder en M\u00e9xico, los receptores de toda esa basura, encontraron el camino f\u00e1cil, a trav\u00e9s de Calder\u00f3n y sobre todo de Aznar:ESPA\u00d1A. Hay tres ex presidentes mexicanos refugiados aqu\u00ed, y Calder\u00f3n, que es miembro del Yunque, les abri\u00f3 el camino y logr\u00f3 que Llamas Mass\u00f3, del movimiento&#8221; Hazte Oir,&#8221; llegara a presidir las Cortes Valencianas.\u00bf Y los narcos mexicanos que ellos crearon?<\/b><\/p>\n<!-- AddThis Advanced Settings generic via filter on the_content --><!-- AddThis Share Buttons generic via filter on the_content -->","protected":false},"excerpt":{"rendered":"<p>Al perder en M\u00e9xico, los receptores de toda esa basura, encontraron el camino f\u00e1cil, a trav\u00e9s de Calder\u00f3n y sobre todo de Aznar:ESPA\u00d1A. Hay tres ex presidentes mexicanos refugiados aqu\u00ed, y Calder\u00f3n, que es miembro del Yunque, les abri\u00f3 el camino y logr\u00f3 que Llamas Mass\u00f3, del movimiento&#8221; Hazte Oir,&#8221; llegara a presidir las Cortes [&hellip;]<!-- AddThis Advanced Settings generic via filter on get_the_excerpt --><!-- AddThis Share Buttons generic via filter on get_the_excerpt --><\/p>\n","protected":false},"author":16,"featured_media":0,"comment_status":"open","ping_status":"closed","sticky":false,"template":"","format":"standard","meta":[],"categories":[1],"tags":[],"_links":{"self":[{"href":"https:\/\/blogs.elcomercio.es\/reflexiones-de-belarmino\/wp-json\/wp\/v2\/posts\/30985"}],"collection":[{"href":"https:\/\/blogs.elcomercio.es\/reflexiones-de-belarmino\/wp-json\/wp\/v2\/posts"}],"about":[{"href":"https:\/\/blogs.elcomercio.es\/reflexiones-de-belarmino\/wp-json\/wp\/v2\/types\/post"}],"author":[{"embeddable":true,"href":"https:\/\/blogs.elcomercio.es\/reflexiones-de-belarmino\/wp-json\/wp\/v2\/users\/16"}],"replies":[{"embeddable":true,"href":"https:\/\/blogs.elcomercio.es\/reflexiones-de-belarmino\/wp-json\/wp\/v2\/comments?post=30985"}],"version-history":[{"count":3,"href":"https:\/\/blogs.elcomercio.es\/reflexiones-de-belarmino\/wp-json\/wp\/v2\/posts\/30985\/revisions"}],"predecessor-version":[{"id":30988,"href":"https:\/\/blogs.elcomercio.es\/reflexiones-de-belarmino\/wp-json\/wp\/v2\/posts\/30985\/revisions\/30988"}],"wp:attachment":[{"href":"https:\/\/blogs.elcomercio.es\/reflexiones-de-belarmino\/wp-json\/wp\/v2\/media?parent=30985"}],"wp:term":[{"taxonomy":"category","embeddable":true,"href":"https:\/\/blogs.elcomercio.es\/reflexiones-de-belarmino\/wp-json\/wp\/v2\/categories?post=30985"},{"taxonomy":"post_tag","embeddable":true,"href":"https:\/\/blogs.elcomercio.es\/reflexiones-de-belarmino\/wp-json\/wp\/v2\/tags?post=30985"}],"curies":[{"name":"wp","href":"https:\/\/api.w.org\/{rel}","templated":true}]}}