{"id":30989,"date":"2023-06-27T10:38:50","date_gmt":"2023-06-27T08:38:50","guid":{"rendered":"https:\/\/blogs.elcomercio.es\/reflexiones-de-belarmino\/?p=30989"},"modified":"2023-06-27T10:38:50","modified_gmt":"2023-06-27T08:38:50","slug":"8-militares-a-la-carcel-por-caso-de-ayotzinapa-israel-se-niega-a-la-ex-tradicion-del-responsable","status":"publish","type":"post","link":"https:\/\/blogs.elcomercio.es\/reflexiones-de-belarmino\/2023\/06\/27\/8-militares-a-la-carcel-por-caso-de-ayotzinapa-israel-se-niega-a-la-ex-tradicion-del-responsable\/","title":{"rendered":"\u00a1\u00a1\u00a18 MILITARES A LA C\u00c1RCEL POR CASO DE AYOTZINAPA. ISRAEL SE NIEGA A LA EX TRADICI\u00d3N DEL RESPONSABLE !!!"},"content":{"rendered":"<p><b>Tard\u00f3, pero finalmente se esclareci\u00f3 todo. Fue el Estado Mexicano el responsable de haber secuestrado\u00a0y desaparecido a 43 estudiantes de la Normal de Ayotzinapa. En la c\u00e1rcel\u00a0Murillo Karam alto priista que\u00a0lleg\u00f3 a ser gobernador, anteayer tambi\u00e9n su segundo y ayer entraron a la c\u00e1rcel\u00a08 militares vinculados\u00a0al caso. Mientras el responsable de toda\u00a0esa operaci\u00f3n que se encuentra en Israel es protegido\u00a0de aquel pa\u00eds que se niega a la\u00a0<\/b><b>extradicci\u00f3n. Los cuerpos no han sido encontrados por que deben de haberlos desaparecido al estilo de Pe\u00f1a Nieto.<\/b><\/p>\n<!-- AddThis Advanced Settings generic via filter on the_content --><!-- AddThis Share Buttons generic via filter on the_content -->","protected":false},"excerpt":{"rendered":"<p>Tard\u00f3, pero finalmente se esclareci\u00f3 todo. Fue el Estado Mexicano el responsable de haber secuestrado\u00a0y desaparecido a 43 estudiantes de la Normal de Ayotzinapa. En la c\u00e1rcel\u00a0Murillo Karam alto priista que\u00a0lleg\u00f3 a ser gobernador, anteayer tambi\u00e9n su segundo y ayer entraron a la c\u00e1rcel\u00a08 militares vinculados\u00a0al caso. Mientras el responsable de toda\u00a0esa operaci\u00f3n que se [&hellip;]<!-- AddThis Advanced Settings generic via filter on get_the_excerpt --><!-- AddThis Share Buttons generic via filter on get_the_excerpt --><\/p>\n","protected":false},"author":16,"featured_media":0,"comment_status":"open","ping_status":"closed","sticky":false,"template":"","format":"standard","meta":[],"categories":[1],"tags":[],"_links":{"self":[{"href":"https:\/\/blogs.elcomercio.es\/reflexiones-de-belarmino\/wp-json\/wp\/v2\/posts\/30989"}],"collection":[{"href":"https:\/\/blogs.elcomercio.es\/reflexiones-de-belarmino\/wp-json\/wp\/v2\/posts"}],"about":[{"href":"https:\/\/blogs.elcomercio.es\/reflexiones-de-belarmino\/wp-json\/wp\/v2\/types\/post"}],"author":[{"embeddable":true,"href":"https:\/\/blogs.elcomercio.es\/reflexiones-de-belarmino\/wp-json\/wp\/v2\/users\/16"}],"replies":[{"embeddable":true,"href":"https:\/\/blogs.elcomercio.es\/reflexiones-de-belarmino\/wp-json\/wp\/v2\/comments?post=30989"}],"version-history":[{"count":2,"href":"https:\/\/blogs.elcomercio.es\/reflexiones-de-belarmino\/wp-json\/wp\/v2\/posts\/30989\/revisions"}],"predecessor-version":[{"id":30991,"href":"https:\/\/blogs.elcomercio.es\/reflexiones-de-belarmino\/wp-json\/wp\/v2\/posts\/30989\/revisions\/30991"}],"wp:attachment":[{"href":"https:\/\/blogs.elcomercio.es\/reflexiones-de-belarmino\/wp-json\/wp\/v2\/media?parent=30989"}],"wp:term":[{"taxonomy":"category","embeddable":true,"href":"https:\/\/blogs.elcomercio.es\/reflexiones-de-belarmino\/wp-json\/wp\/v2\/categories?post=30989"},{"taxonomy":"post_tag","embeddable":true,"href":"https:\/\/blogs.elcomercio.es\/reflexiones-de-belarmino\/wp-json\/wp\/v2\/tags?post=30989"}],"curies":[{"name":"wp","href":"https:\/\/api.w.org\/{rel}","templated":true}]}}