{"id":30992,"date":"2023-06-27T10:43:22","date_gmt":"2023-06-27T08:43:22","guid":{"rendered":"https:\/\/blogs.elcomercio.es\/reflexiones-de-belarmino\/?p=30992"},"modified":"2023-06-27T10:43:22","modified_gmt":"2023-06-27T08:43:22","slug":"no-contrataremos-a-ningun-artista-que-hable-en-asturiano-edil-de-vox-moriyon-la-desautoriza","status":"publish","type":"post","link":"https:\/\/blogs.elcomercio.es\/reflexiones-de-belarmino\/2023\/06\/27\/no-contrataremos-a-ningun-artista-que-hable-en-asturiano-edil-de-vox-moriyon-la-desautoriza\/","title":{"rendered":"\u00a1\u00a1\u00a1&#8221; NO CONTRATAREMOS A NINGUN ARTISTA QUE HABLE EN ASTURIANO&#8221;: EDIL DE VOX.- MORIY\u00d3N LA DESAUTORIZA !!!"},"content":{"rendered":"<p><b>Para medirlos. El edil de festejos de Gij\u00f3n, miembro de Vox, hab\u00eda prohibido contratar a todos los artistas o m\u00fasicos\u00a0\u00a0que hablasen asturiano. La Alcaldesa Moriy\u00f3n, lo ha desautorizado.<\/b><\/p>\n<!-- AddThis Advanced Settings generic via filter on the_content --><!-- AddThis Share Buttons generic via filter on the_content -->","protected":false},"excerpt":{"rendered":"<p>Para medirlos. El edil de festejos de Gij\u00f3n, miembro de Vox, hab\u00eda prohibido contratar a todos los artistas o m\u00fasicos\u00a0\u00a0que hablasen asturiano. La Alcaldesa Moriy\u00f3n, lo ha desautorizado.<!-- AddThis Advanced Settings generic via filter on get_the_excerpt --><!-- AddThis Share Buttons generic via filter on get_the_excerpt --><\/p>\n","protected":false},"author":16,"featured_media":0,"comment_status":"open","ping_status":"closed","sticky":false,"template":"","format":"standard","meta":[],"categories":[1],"tags":[],"_links":{"self":[{"href":"https:\/\/blogs.elcomercio.es\/reflexiones-de-belarmino\/wp-json\/wp\/v2\/posts\/30992"}],"collection":[{"href":"https:\/\/blogs.elcomercio.es\/reflexiones-de-belarmino\/wp-json\/wp\/v2\/posts"}],"about":[{"href":"https:\/\/blogs.elcomercio.es\/reflexiones-de-belarmino\/wp-json\/wp\/v2\/types\/post"}],"author":[{"embeddable":true,"href":"https:\/\/blogs.elcomercio.es\/reflexiones-de-belarmino\/wp-json\/wp\/v2\/users\/16"}],"replies":[{"embeddable":true,"href":"https:\/\/blogs.elcomercio.es\/reflexiones-de-belarmino\/wp-json\/wp\/v2\/comments?post=30992"}],"version-history":[{"count":2,"href":"https:\/\/blogs.elcomercio.es\/reflexiones-de-belarmino\/wp-json\/wp\/v2\/posts\/30992\/revisions"}],"predecessor-version":[{"id":30994,"href":"https:\/\/blogs.elcomercio.es\/reflexiones-de-belarmino\/wp-json\/wp\/v2\/posts\/30992\/revisions\/30994"}],"wp:attachment":[{"href":"https:\/\/blogs.elcomercio.es\/reflexiones-de-belarmino\/wp-json\/wp\/v2\/media?parent=30992"}],"wp:term":[{"taxonomy":"category","embeddable":true,"href":"https:\/\/blogs.elcomercio.es\/reflexiones-de-belarmino\/wp-json\/wp\/v2\/categories?post=30992"},{"taxonomy":"post_tag","embeddable":true,"href":"https:\/\/blogs.elcomercio.es\/reflexiones-de-belarmino\/wp-json\/wp\/v2\/tags?post=30992"}],"curies":[{"name":"wp","href":"https:\/\/api.w.org\/{rel}","templated":true}]}}