{"id":30997,"date":"2023-06-27T12:41:14","date_gmt":"2023-06-27T10:41:14","guid":{"rendered":"https:\/\/blogs.elcomercio.es\/reflexiones-de-belarmino\/?p=30997"},"modified":"2023-06-27T12:41:14","modified_gmt":"2023-06-27T10:41:14","slug":"foto-en-the-stanford-daily-de-1991-claudia-scheinbaum-protestaba-contra-salinas","status":"publish","type":"post","link":"https:\/\/blogs.elcomercio.es\/reflexiones-de-belarmino\/2023\/06\/27\/foto-en-the-stanford-daily-de-1991-claudia-scheinbaum-protestaba-contra-salinas\/","title":{"rendered":"\u00a1\u00a1\u00a1\u00a1\u00a1FOTO EN THE STANFORD DAILY DE 1991, CLAUDIA SCHEINBAUM PROTESTABA CONTRA SALINAS !!!"},"content":{"rendered":"<p><b>Siempre he mantenido y reitero, que PARA MI la candidata\u00a0natural para continuar\u00a0el proceso de la Cuarta Transformaci\u00f3n es Claudia Scheinbaum. Ayer dio\u00a0a conocer una foto, con j\u00f3venes\u00a0,mujeres y hombres, en la que se encuentra ya en 1991(hace 32 a\u00f1os), protestando ante Carlos Salinas de Gortari contra el modelo neoliberal.<\/b><\/p>\n<p><b>S\u00f3lo la consistencia ideol\u00f3gica podr\u00eda darle continuidad a un proyecto ilusionante iniciado por\u00a0in lider de los que nacen cada 100 a\u00f1os, como es el caso de Andr\u00e9s Manuel L\u00f3pez Obrador. No es el caso de Ebrard, ni de Monreal, y Adr\u00edan Augusto es caso aparte, siempre al lado, en la sombra, con lealtad de su compa\u00f1ero Andr\u00e9s Manuel.<\/b><\/p>\n<p><b>La historia, no olvidarlo, nos muestra que no bast\u00f3 con que HIdalgo y Morelos lo iniciasen, ni m\u00e1s tarde la gran labor de Ju\u00e1rez, al liberar la tierra, dio\u00a0entrada a los grandes latifundistas\u00a0y a Porfirio D\u00edaz, ni Madero pudo consolidar al no apoyarse en el pueblo mexicano con Zapata al frente y finalmente, la gran\u00a0labor de C\u00e1rdenas\u00a0se desvirtu\u00f3 al deejar a un lado a M\u00fajica y darle entrada a Avila Camacho.<\/b><\/p>\n<p><strong>Para consolidarse, L\u00f3pez Obrador que abri\u00f3 brecha, debe de tener continuidad ideol\u00f3gica y solamente la veo en la Dra en f\u00edsica. de 61 a\u00f1os Claudia Scheinbaum.<\/strong><\/p>\n<p><b>Pero ser\u00e1n\u00a0las encuestas en todo el pa\u00eds las que van a definir quien , desde el 6 de septiembre Coordinar\u00e1 a nivel nacional los Comit\u00e9s\u00a0de Defensa\u00a0 de la Cuarta Transformaci\u00f3n. L\u00f3pez Obrador en ese momento se dedicar\u00e1\u00a0a gobernar el pa\u00eds.<\/b><\/p>\n<!-- AddThis Advanced Settings generic via filter on the_content --><!-- AddThis Share Buttons generic via filter on the_content -->","protected":false},"excerpt":{"rendered":"<p>Siempre he mantenido y reitero, que PARA MI la candidata\u00a0natural para continuar\u00a0el proceso de la Cuarta Transformaci\u00f3n es Claudia Scheinbaum. Ayer dio\u00a0a conocer una foto, con j\u00f3venes\u00a0,mujeres y hombres, en la que se encuentra ya en 1991(hace 32 a\u00f1os), protestando ante Carlos Salinas de Gortari contra el modelo neoliberal. S\u00f3lo la consistencia ideol\u00f3gica podr\u00eda darle [&hellip;]<!-- AddThis Advanced Settings generic via filter on get_the_excerpt --><!-- AddThis Share Buttons generic via filter on get_the_excerpt --><\/p>\n","protected":false},"author":16,"featured_media":0,"comment_status":"open","ping_status":"closed","sticky":false,"template":"","format":"standard","meta":[],"categories":[1],"tags":[],"_links":{"self":[{"href":"https:\/\/blogs.elcomercio.es\/reflexiones-de-belarmino\/wp-json\/wp\/v2\/posts\/30997"}],"collection":[{"href":"https:\/\/blogs.elcomercio.es\/reflexiones-de-belarmino\/wp-json\/wp\/v2\/posts"}],"about":[{"href":"https:\/\/blogs.elcomercio.es\/reflexiones-de-belarmino\/wp-json\/wp\/v2\/types\/post"}],"author":[{"embeddable":true,"href":"https:\/\/blogs.elcomercio.es\/reflexiones-de-belarmino\/wp-json\/wp\/v2\/users\/16"}],"replies":[{"embeddable":true,"href":"https:\/\/blogs.elcomercio.es\/reflexiones-de-belarmino\/wp-json\/wp\/v2\/comments?post=30997"}],"version-history":[{"count":1,"href":"https:\/\/blogs.elcomercio.es\/reflexiones-de-belarmino\/wp-json\/wp\/v2\/posts\/30997\/revisions"}],"predecessor-version":[{"id":30998,"href":"https:\/\/blogs.elcomercio.es\/reflexiones-de-belarmino\/wp-json\/wp\/v2\/posts\/30997\/revisions\/30998"}],"wp:attachment":[{"href":"https:\/\/blogs.elcomercio.es\/reflexiones-de-belarmino\/wp-json\/wp\/v2\/media?parent=30997"}],"wp:term":[{"taxonomy":"category","embeddable":true,"href":"https:\/\/blogs.elcomercio.es\/reflexiones-de-belarmino\/wp-json\/wp\/v2\/categories?post=30997"},{"taxonomy":"post_tag","embeddable":true,"href":"https:\/\/blogs.elcomercio.es\/reflexiones-de-belarmino\/wp-json\/wp\/v2\/tags?post=30997"}],"curies":[{"name":"wp","href":"https:\/\/api.w.org\/{rel}","templated":true}]}}