{"id":30999,"date":"2023-06-27T18:47:01","date_gmt":"2023-06-27T16:47:01","guid":{"rendered":"https:\/\/blogs.elcomercio.es\/reflexiones-de-belarmino\/?p=30999"},"modified":"2023-06-27T18:47:01","modified_gmt":"2023-06-27T16:47:01","slug":"20-toneladas-de-fentanilo-coca-marihuana-opio-decomisadas-en-mexico","status":"publish","type":"post","link":"https:\/\/blogs.elcomercio.es\/reflexiones-de-belarmino\/2023\/06\/27\/20-toneladas-de-fentanilo-coca-marihuana-opio-decomisadas-en-mexico\/","title":{"rendered":"\u00a1\u00a1\u00a1\u00a1  20  TONELADAS DE FENTANILO, COCA, MARIHUANA, OPIO, DECOMISADAS EN MEXICO !!!"},"content":{"rendered":"<p><b>Hoy en La Ma\u00f1anera, se dio a conocer los resultados de los decomiso\u00a0de drogas, armamento, personas y\u00a0veh\u00edculos, no s\u00f3lo de este mes como es normal, sino que se han dado a conocer\u00a0lo realizado en estos cinco a\u00f1os por parte del gobierno de la Cuarta Transformaci\u00f3n.<\/b><\/p>\n<p><b>En s\u00edntesis: Se ha decomisado 7 ,toneladas de Fentanilo,\u00a0 y 13 toneladas de opio, coca, marihuana. Se han detenido a 74,250 delincuentes vinculados al narcotr\u00e1fico, 85,000 veh\u00edculos, 62,000 plantaciones de marihuana , 6,000 laboratorios de mentafetaminas..Casi 100,000 armas, y 2,000,000 de cartuchos.<\/b><\/p>\n<p><b>Los C\u00e1rteles han sido fuertemente\u00a0golpeados, aunque\u00a0hay resabios del gran negocio en el Cartel de Sinaloa y el Jalisco Nuevas Generaciones, el primero de Calder\u00f3n y el segundo de Pe\u00f1a Nieto.<\/b><\/p>\n<p><b>Al darle 8 millones de empleos\u00a0a los j\u00f3venes, le quitaron a los Carteles las correas de trasmisi\u00f3n, donde\u00a0enviciaron y corrompieron\u00a0a los\u00a0<\/b><b>j\u00f3venes.<\/b><\/p>\n<p><b>Se pararon y han sido fuertemente golpeadas\u00a0y este presidente no tiene un Cartel, como Salinas, Zedillo, Fox, Calder\u00f3n y Pe\u00f1a Nieto, tres de ellos en Madrid, \u00bf Y sus carteles, no andar\u00e1n por Espa\u00f1a?.<\/b><\/p>\n<p>&nbsp;<\/p>\n<!-- AddThis Advanced Settings generic via filter on the_content --><!-- AddThis Share Buttons generic via filter on the_content -->","protected":false},"excerpt":{"rendered":"<p>Hoy en La Ma\u00f1anera, se dio a conocer los resultados de los decomiso\u00a0de drogas, armamento, personas y\u00a0veh\u00edculos, no s\u00f3lo de este mes como es normal, sino que se han dado a conocer\u00a0lo realizado en estos cinco a\u00f1os por parte del gobierno de la Cuarta Transformaci\u00f3n. En s\u00edntesis: Se ha decomisado 7 ,toneladas de Fentanilo,\u00a0 y [&hellip;]<!-- AddThis Advanced Settings generic via filter on get_the_excerpt --><!-- AddThis Share Buttons generic via filter on get_the_excerpt --><\/p>\n","protected":false},"author":16,"featured_media":0,"comment_status":"open","ping_status":"closed","sticky":false,"template":"","format":"standard","meta":[],"categories":[1],"tags":[],"_links":{"self":[{"href":"https:\/\/blogs.elcomercio.es\/reflexiones-de-belarmino\/wp-json\/wp\/v2\/posts\/30999"}],"collection":[{"href":"https:\/\/blogs.elcomercio.es\/reflexiones-de-belarmino\/wp-json\/wp\/v2\/posts"}],"about":[{"href":"https:\/\/blogs.elcomercio.es\/reflexiones-de-belarmino\/wp-json\/wp\/v2\/types\/post"}],"author":[{"embeddable":true,"href":"https:\/\/blogs.elcomercio.es\/reflexiones-de-belarmino\/wp-json\/wp\/v2\/users\/16"}],"replies":[{"embeddable":true,"href":"https:\/\/blogs.elcomercio.es\/reflexiones-de-belarmino\/wp-json\/wp\/v2\/comments?post=30999"}],"version-history":[{"count":1,"href":"https:\/\/blogs.elcomercio.es\/reflexiones-de-belarmino\/wp-json\/wp\/v2\/posts\/30999\/revisions"}],"predecessor-version":[{"id":31000,"href":"https:\/\/blogs.elcomercio.es\/reflexiones-de-belarmino\/wp-json\/wp\/v2\/posts\/30999\/revisions\/31000"}],"wp:attachment":[{"href":"https:\/\/blogs.elcomercio.es\/reflexiones-de-belarmino\/wp-json\/wp\/v2\/media?parent=30999"}],"wp:term":[{"taxonomy":"category","embeddable":true,"href":"https:\/\/blogs.elcomercio.es\/reflexiones-de-belarmino\/wp-json\/wp\/v2\/categories?post=30999"},{"taxonomy":"post_tag","embeddable":true,"href":"https:\/\/blogs.elcomercio.es\/reflexiones-de-belarmino\/wp-json\/wp\/v2\/tags?post=30999"}],"curies":[{"name":"wp","href":"https:\/\/api.w.org\/{rel}","templated":true}]}}