{"id":31001,"date":"2023-06-27T20:14:57","date_gmt":"2023-06-27T18:14:57","guid":{"rendered":"https:\/\/blogs.elcomercio.es\/reflexiones-de-belarmino\/?p=31001"},"modified":"2023-06-27T20:14:57","modified_gmt":"2023-06-27T18:14:57","slug":"lukashenko-confirma-que-prigozhin-y-sus-2800-miembros-estan-en-bielorrusia-les-ofrecen-una-base-abandonada-para-estar","status":"publish","type":"post","link":"https:\/\/blogs.elcomercio.es\/reflexiones-de-belarmino\/2023\/06\/27\/lukashenko-confirma-que-prigozhin-y-sus-2800-miembros-estan-en-bielorrusia-les-ofrecen-una-base-abandonada-para-estar\/","title":{"rendered":"\u00a1\u00a1\u00a1\u00a1\u00a1LUKASHENKO CONFIRMA QUE PRIGOZHIN Y SUS 2,800 MIEMBROS EST\u00c1N EN BIELORRUSIA. LES OFRECEN UNA BASE ABANDONADA PARA ESTAR !!!"},"content":{"rendered":"<p><b>Empieza a aparecer la verdad, dentro\u00a0del polvo desatado.El due\u00f1o del Grupo Wagner, par\u00f3 y regres\u00f3 a sus militares a sus bases, PARA NO PERDER EL NEGOCIO. Lukasenko acaba de informar que \u00e9l y sus hombres (unos 2,800) est\u00e1n en Bielorrusia y que se les ha ofrecido una base abandonada lejos de MInsk.<\/b><\/p>\n<p><b>El resto de los ,\u00a0 quiz\u00e1s\u00a030,000 hombres, se les ha ofrecido: entrar en la n\u00f3mina del ejercito, el irse a Bielorrrusia o regresar a sus hogares.<\/b><\/p>\n<p><b>Putin reconoci\u00f3 su error alertado por el Ministro de Defensa Shoigu, de tener a un grupo de mercenarios sin control. Ha hablado para darle\u00a0una salida natural y dispersar al al grupo, aprovechando\u00a0a los mejores en el Ejercito Ruso, mientras dejar pasar unos meses, antes de darle respuesta a la &#8220;traici\u00f3n &#8221; del &#8220;amigo que le debe todo &#8220;..<\/b><\/p>\n<p><b>Esta experiencia dej\u00f3 la necesidad de que alrededor\u00a0de\u00a0Putin haya equipo pesado, lo que cual signific\u00f3 un alerta para Mosc\u00fa.<\/b><\/p>\n<p><b>Si, con esta experiencia alguien pensaba hacer algo en relaci\u00f3n con Putin y la guerra, la forma como disolvi\u00f3\u00a0y acab\u00f3 con el Grupo\u00a0Wagner, en 24 horas, lo medir\u00e1n muy mucho.\u00a0<\/b><\/p>\n<p><strong>Creemos que esto ha consolidado a Putin. No perder\u00e1 la guerra y pone en el incomodo lugar a Zelensky, de que si no logra victorias en este a\u00f1o, ir\u00e1 perdiendo el apoyo de Europa.<\/strong><\/p>\n<p><b>Con los medios de comunicaci\u00f3n se puede construir\u00a0una historia cualquiera, en cualquier\u00a0pa\u00eds. A Zelensky se le est\u00e1\u00a0agotando el tiempo.<\/b><\/p>\n<p>&nbsp;<\/p>\n<!-- AddThis Advanced Settings generic via filter on the_content --><!-- AddThis Share Buttons generic via filter on the_content -->","protected":false},"excerpt":{"rendered":"<p>Empieza a aparecer la verdad, dentro\u00a0del polvo desatado.El due\u00f1o del Grupo Wagner, par\u00f3 y regres\u00f3 a sus militares a sus bases, PARA NO PERDER EL NEGOCIO. Lukasenko acaba de informar que \u00e9l y sus hombres (unos 2,800) est\u00e1n en Bielorrusia y que se les ha ofrecido una base abandonada lejos de MInsk. El resto de [&hellip;]<!-- AddThis Advanced Settings generic via filter on get_the_excerpt --><!-- AddThis Share Buttons generic via filter on get_the_excerpt --><\/p>\n","protected":false},"author":16,"featured_media":0,"comment_status":"open","ping_status":"closed","sticky":false,"template":"","format":"standard","meta":[],"categories":[1],"tags":[],"_links":{"self":[{"href":"https:\/\/blogs.elcomercio.es\/reflexiones-de-belarmino\/wp-json\/wp\/v2\/posts\/31001"}],"collection":[{"href":"https:\/\/blogs.elcomercio.es\/reflexiones-de-belarmino\/wp-json\/wp\/v2\/posts"}],"about":[{"href":"https:\/\/blogs.elcomercio.es\/reflexiones-de-belarmino\/wp-json\/wp\/v2\/types\/post"}],"author":[{"embeddable":true,"href":"https:\/\/blogs.elcomercio.es\/reflexiones-de-belarmino\/wp-json\/wp\/v2\/users\/16"}],"replies":[{"embeddable":true,"href":"https:\/\/blogs.elcomercio.es\/reflexiones-de-belarmino\/wp-json\/wp\/v2\/comments?post=31001"}],"version-history":[{"count":1,"href":"https:\/\/blogs.elcomercio.es\/reflexiones-de-belarmino\/wp-json\/wp\/v2\/posts\/31001\/revisions"}],"predecessor-version":[{"id":31002,"href":"https:\/\/blogs.elcomercio.es\/reflexiones-de-belarmino\/wp-json\/wp\/v2\/posts\/31001\/revisions\/31002"}],"wp:attachment":[{"href":"https:\/\/blogs.elcomercio.es\/reflexiones-de-belarmino\/wp-json\/wp\/v2\/media?parent=31001"}],"wp:term":[{"taxonomy":"category","embeddable":true,"href":"https:\/\/blogs.elcomercio.es\/reflexiones-de-belarmino\/wp-json\/wp\/v2\/categories?post=31001"},{"taxonomy":"post_tag","embeddable":true,"href":"https:\/\/blogs.elcomercio.es\/reflexiones-de-belarmino\/wp-json\/wp\/v2\/tags?post=31001"}],"curies":[{"name":"wp","href":"https:\/\/api.w.org\/{rel}","templated":true}]}}