{"id":31003,"date":"2023-06-27T21:10:47","date_gmt":"2023-06-27T19:10:47","guid":{"rendered":"https:\/\/blogs.elcomercio.es\/reflexiones-de-belarmino\/?p=31003"},"modified":"2023-06-27T21:10:47","modified_gmt":"2023-06-27T19:10:47","slug":"debate-sanchez-feijoo-el-10-de-julio-en-a-tres-media","status":"publish","type":"post","link":"https:\/\/blogs.elcomercio.es\/reflexiones-de-belarmino\/2023\/06\/27\/debate-sanchez-feijoo-el-10-de-julio-en-a-tres-media\/","title":{"rendered":"\u00a1\u00a1\u00a1\u00a1\u00a1\u00a1DEBATE SANCHEZ- FEIJ\u00d3O, EL 10 DE JULIO EN A TRES MEDIA!!!!"},"content":{"rendered":"<p><strong>Se confirm\u00f3, habr\u00e1 por lo menos un debate entre Sanchez y Feij\u00f3o. No ser\u00e1 ni en RTVE ni en MEDIASET.<\/strong><\/p>\n<p><strong>Lo har\u00e1n el 10 de julio de A TRES MEDIA(6 Y 3 ).<\/strong><\/p>\n<!-- AddThis Advanced Settings generic via filter on the_content --><!-- AddThis Share Buttons generic via filter on the_content -->","protected":false},"excerpt":{"rendered":"<p>Se confirm\u00f3, habr\u00e1 por lo menos un debate entre Sanchez y Feij\u00f3o. No ser\u00e1 ni en RTVE ni en MEDIASET. Lo har\u00e1n el 10 de julio de A TRES MEDIA(6 Y 3 ).<!-- AddThis Advanced Settings generic via filter on get_the_excerpt --><!-- AddThis Share Buttons generic via filter on get_the_excerpt --><\/p>\n","protected":false},"author":16,"featured_media":0,"comment_status":"open","ping_status":"closed","sticky":false,"template":"","format":"standard","meta":[],"categories":[1],"tags":[],"_links":{"self":[{"href":"https:\/\/blogs.elcomercio.es\/reflexiones-de-belarmino\/wp-json\/wp\/v2\/posts\/31003"}],"collection":[{"href":"https:\/\/blogs.elcomercio.es\/reflexiones-de-belarmino\/wp-json\/wp\/v2\/posts"}],"about":[{"href":"https:\/\/blogs.elcomercio.es\/reflexiones-de-belarmino\/wp-json\/wp\/v2\/types\/post"}],"author":[{"embeddable":true,"href":"https:\/\/blogs.elcomercio.es\/reflexiones-de-belarmino\/wp-json\/wp\/v2\/users\/16"}],"replies":[{"embeddable":true,"href":"https:\/\/blogs.elcomercio.es\/reflexiones-de-belarmino\/wp-json\/wp\/v2\/comments?post=31003"}],"version-history":[{"count":1,"href":"https:\/\/blogs.elcomercio.es\/reflexiones-de-belarmino\/wp-json\/wp\/v2\/posts\/31003\/revisions"}],"predecessor-version":[{"id":31004,"href":"https:\/\/blogs.elcomercio.es\/reflexiones-de-belarmino\/wp-json\/wp\/v2\/posts\/31003\/revisions\/31004"}],"wp:attachment":[{"href":"https:\/\/blogs.elcomercio.es\/reflexiones-de-belarmino\/wp-json\/wp\/v2\/media?parent=31003"}],"wp:term":[{"taxonomy":"category","embeddable":true,"href":"https:\/\/blogs.elcomercio.es\/reflexiones-de-belarmino\/wp-json\/wp\/v2\/categories?post=31003"},{"taxonomy":"post_tag","embeddable":true,"href":"https:\/\/blogs.elcomercio.es\/reflexiones-de-belarmino\/wp-json\/wp\/v2\/tags?post=31003"}],"curies":[{"name":"wp","href":"https:\/\/api.w.org\/{rel}","templated":true}]}}