{"id":31010,"date":"2023-06-28T13:31:09","date_gmt":"2023-06-28T11:31:09","guid":{"rendered":"https:\/\/blogs.elcomercio.es\/reflexiones-de-belarmino\/?p=31010"},"modified":"2023-06-28T13:31:09","modified_gmt":"2023-06-28T11:31:09","slug":"el-parlamento-extremeno-no-da-el-tiempo-propone-a-vara-reunion-5-de-julio","status":"publish","type":"post","link":"https:\/\/blogs.elcomercio.es\/reflexiones-de-belarmino\/2023\/06\/28\/el-parlamento-extremeno-no-da-el-tiempo-propone-a-vara-reunion-5-de-julio\/","title":{"rendered":"\u00a1\u00a1\u00a1\u00a1EL PARLAMENTO EXTREME\u00d1O NO DA EL TIEMPO  PROPONE A VARA. REUNI\u00d3N 5 DE JULIO !!!"},"content":{"rendered":"<p><em><b>El Parlamento extreme\u00f1o no le da a la se\u00f1ora Guardiola el tiempo que pidi\u00f3 para negociar o no con VOX,\u00a0 y nombra candidato\u00a0a Fern\u00e1ndez Vara. Este tendr\u00eda que tener el\u00a0apoyo de Podemos o la abstenci\u00f3n\u00a0del PP o VOX. El 5 de julio la reuni\u00f3n.<\/b><\/em><\/p>\n<!-- AddThis Advanced Settings generic via filter on the_content --><!-- AddThis Share Buttons generic via filter on the_content -->","protected":false},"excerpt":{"rendered":"<p>El Parlamento extreme\u00f1o no le da a la se\u00f1ora Guardiola el tiempo que pidi\u00f3 para negociar o no con VOX,\u00a0 y nombra candidato\u00a0a Fern\u00e1ndez Vara. Este tendr\u00eda que tener el\u00a0apoyo de Podemos o la abstenci\u00f3n\u00a0del PP o VOX. El 5 de julio la reuni\u00f3n.<!-- AddThis Advanced Settings generic via filter on get_the_excerpt --><!-- AddThis Share Buttons generic via filter on get_the_excerpt --><\/p>\n","protected":false},"author":16,"featured_media":0,"comment_status":"open","ping_status":"closed","sticky":false,"template":"","format":"standard","meta":[],"categories":[1],"tags":[],"_links":{"self":[{"href":"https:\/\/blogs.elcomercio.es\/reflexiones-de-belarmino\/wp-json\/wp\/v2\/posts\/31010"}],"collection":[{"href":"https:\/\/blogs.elcomercio.es\/reflexiones-de-belarmino\/wp-json\/wp\/v2\/posts"}],"about":[{"href":"https:\/\/blogs.elcomercio.es\/reflexiones-de-belarmino\/wp-json\/wp\/v2\/types\/post"}],"author":[{"embeddable":true,"href":"https:\/\/blogs.elcomercio.es\/reflexiones-de-belarmino\/wp-json\/wp\/v2\/users\/16"}],"replies":[{"embeddable":true,"href":"https:\/\/blogs.elcomercio.es\/reflexiones-de-belarmino\/wp-json\/wp\/v2\/comments?post=31010"}],"version-history":[{"count":1,"href":"https:\/\/blogs.elcomercio.es\/reflexiones-de-belarmino\/wp-json\/wp\/v2\/posts\/31010\/revisions"}],"predecessor-version":[{"id":31011,"href":"https:\/\/blogs.elcomercio.es\/reflexiones-de-belarmino\/wp-json\/wp\/v2\/posts\/31010\/revisions\/31011"}],"wp:attachment":[{"href":"https:\/\/blogs.elcomercio.es\/reflexiones-de-belarmino\/wp-json\/wp\/v2\/media?parent=31010"}],"wp:term":[{"taxonomy":"category","embeddable":true,"href":"https:\/\/blogs.elcomercio.es\/reflexiones-de-belarmino\/wp-json\/wp\/v2\/categories?post=31010"},{"taxonomy":"post_tag","embeddable":true,"href":"https:\/\/blogs.elcomercio.es\/reflexiones-de-belarmino\/wp-json\/wp\/v2\/tags?post=31010"}],"curies":[{"name":"wp","href":"https:\/\/api.w.org\/{rel}","templated":true}]}}