{"id":31045,"date":"2023-06-30T10:45:43","date_gmt":"2023-06-30T08:45:43","guid":{"rendered":"https:\/\/blogs.elcomercio.es\/reflexiones-de-belarmino\/?p=31045"},"modified":"2023-06-30T10:45:43","modified_gmt":"2023-06-30T08:45:43","slug":"40000-hombres-desplegados-en-francia-en-espera-de-este-duro-fin-de-semana","status":"publish","type":"post","link":"https:\/\/blogs.elcomercio.es\/reflexiones-de-belarmino\/2023\/06\/30\/40000-hombres-desplegados-en-francia-en-espera-de-este-duro-fin-de-semana\/","title":{"rendered":"\u00a1\u00a1\u00a1\u00a1 40,000 HOMBRES DESPLEGADOS EN FRANCIA EN ESPERA DE ESTE DURO FIN DE SEMANA!!"},"content":{"rendered":"<p><b>La muerte de un muchacho de 16 a\u00f1os a manos de un polic\u00eda\u00a0franc\u00e9s, por un asunto de transito, donde el polic\u00eda\u00a0ya ha sido detenido, prendi\u00f3\u00a0ayer en Nantes, en los alrededores de Par\u00eds el inicio de una violenta manifestaci\u00f3n popular. De que tama\u00f1o\u00a0 ser\u00e1\u00a0lo que se espera\u00a0este fin de semana ,que ayer mismo Macron, despleg\u00f3 , nada menos que 40,000 efectivos para enfrentar las grandes manifestaciones.<\/b><\/p>\n<!-- AddThis Advanced Settings generic via filter on the_content --><!-- AddThis Share Buttons generic via filter on the_content -->","protected":false},"excerpt":{"rendered":"<p>La muerte de un muchacho de 16 a\u00f1os a manos de un polic\u00eda\u00a0franc\u00e9s, por un asunto de transito, donde el polic\u00eda\u00a0ya ha sido detenido, prendi\u00f3\u00a0ayer en Nantes, en los alrededores de Par\u00eds el inicio de una violenta manifestaci\u00f3n popular. De que tama\u00f1o\u00a0 ser\u00e1\u00a0lo que se espera\u00a0este fin de semana ,que ayer mismo Macron, despleg\u00f3 , [&hellip;]<!-- AddThis Advanced Settings generic via filter on get_the_excerpt --><!-- AddThis Share Buttons generic via filter on get_the_excerpt --><\/p>\n","protected":false},"author":16,"featured_media":0,"comment_status":"open","ping_status":"closed","sticky":false,"template":"","format":"standard","meta":[],"categories":[1],"tags":[],"_links":{"self":[{"href":"https:\/\/blogs.elcomercio.es\/reflexiones-de-belarmino\/wp-json\/wp\/v2\/posts\/31045"}],"collection":[{"href":"https:\/\/blogs.elcomercio.es\/reflexiones-de-belarmino\/wp-json\/wp\/v2\/posts"}],"about":[{"href":"https:\/\/blogs.elcomercio.es\/reflexiones-de-belarmino\/wp-json\/wp\/v2\/types\/post"}],"author":[{"embeddable":true,"href":"https:\/\/blogs.elcomercio.es\/reflexiones-de-belarmino\/wp-json\/wp\/v2\/users\/16"}],"replies":[{"embeddable":true,"href":"https:\/\/blogs.elcomercio.es\/reflexiones-de-belarmino\/wp-json\/wp\/v2\/comments?post=31045"}],"version-history":[{"count":2,"href":"https:\/\/blogs.elcomercio.es\/reflexiones-de-belarmino\/wp-json\/wp\/v2\/posts\/31045\/revisions"}],"predecessor-version":[{"id":31047,"href":"https:\/\/blogs.elcomercio.es\/reflexiones-de-belarmino\/wp-json\/wp\/v2\/posts\/31045\/revisions\/31047"}],"wp:attachment":[{"href":"https:\/\/blogs.elcomercio.es\/reflexiones-de-belarmino\/wp-json\/wp\/v2\/media?parent=31045"}],"wp:term":[{"taxonomy":"category","embeddable":true,"href":"https:\/\/blogs.elcomercio.es\/reflexiones-de-belarmino\/wp-json\/wp\/v2\/categories?post=31045"},{"taxonomy":"post_tag","embeddable":true,"href":"https:\/\/blogs.elcomercio.es\/reflexiones-de-belarmino\/wp-json\/wp\/v2\/tags?post=31045"}],"curies":[{"name":"wp","href":"https:\/\/api.w.org\/{rel}","templated":true}]}}