{"id":31052,"date":"2023-06-30T11:47:06","date_gmt":"2023-06-30T09:47:06","guid":{"rendered":"https:\/\/blogs.elcomercio.es\/reflexiones-de-belarmino\/?p=31052"},"modified":"2023-06-30T11:47:06","modified_gmt":"2023-06-30T09:47:06","slug":"prigozhin-no-acepta-afirmar-contrato-con-rusia-y-dice-que-no-participara-en-la-guerra-de-ucrania-pero-alertan-en-el-baltico","status":"publish","type":"post","link":"https:\/\/blogs.elcomercio.es\/reflexiones-de-belarmino\/2023\/06\/30\/prigozhin-no-acepta-afirmar-contrato-con-rusia-y-dice-que-no-participara-en-la-guerra-de-ucrania-pero-alertan-en-el-baltico\/","title":{"rendered":"\u00a1\u00a1\u00a1\u00a1PRIGOZHIN NO ACEPTA AFIRMAR CONTRATO CON RUSIA Y DICE QUE NO PARTICIPAR\u00c1 EN LA GUERRA DE UCRANIA , PERO ALERTAN EN EL B\u00c1LTICO !!!"},"content":{"rendered":"<p><strong>El Grupo Wagner, esta dividido f\u00edsicamente. En Lugansk 30,000 hombres regresaron a sus cuarteles pero sin entrar en acci\u00f3n. En Bielorrusia, en una vieja base a 100 kms\u00a0 la capital, est\u00e1 Prigozhin y unos 2,500 efectivos, los m\u00e1s cercanos. Ayer \u00e9ste se neg\u00f3 a firmar contratos con el gobierno ruso, y dijo que se retiraban de la guerra de Ucrania.<\/strong><\/p>\n<p><b>Ante esta falta de control que debe de preocupar a Putin, la familia del general, Surovkin, el comandante\u00a0de las fuerzas rusas en Ucrania, confirmaron lo dicho por el Kremlin que no est\u00e1 detenido.<\/b><\/p>\n<p><b>La presencia en Bielorrusia alert\u00f3 ayer a la OTAN, por que est\u00e1n cerca de los paises b\u00e1lticos.<\/b><\/p>\n<p><strong>Putin sali\u00f3 ayer a las calles, por primera vez, para saludar a la poblaci\u00f3n.<\/strong><\/p>\n<p><strong>Ucrania avanza, pero lentamente, en su contraofensiva.<\/strong><\/p>\n<p><strong>Rusia reconoci\u00f3 que &#8220;por error&#8221; la bomba que cay\u00f3 en Krematorski, nin iba dirigida al restaurante y admiti\u00f3 el error.<\/strong><\/p>\n<p><strong>Mientras, en una entrevista cordial, Kirill, el Patriarca de Mosc\u00fa, felicit\u00f3 al delegado del Papa, Matteo Zuppi. La labor de mediaci\u00f3n exitosa en Ucrania y Rusia de El Vaticano, y ellos lo saben, van en sentido humanitario, por eso ha sido util.<\/strong><\/p>\n<!-- AddThis Advanced Settings generic via filter on the_content --><!-- AddThis Share Buttons generic via filter on the_content -->","protected":false},"excerpt":{"rendered":"<p>El Grupo Wagner, esta dividido f\u00edsicamente. En Lugansk 30,000 hombres regresaron a sus cuarteles pero sin entrar en acci\u00f3n. En Bielorrusia, en una vieja base a 100 kms\u00a0 la capital, est\u00e1 Prigozhin y unos 2,500 efectivos, los m\u00e1s cercanos. Ayer \u00e9ste se neg\u00f3 a firmar contratos con el gobierno ruso, y dijo que se retiraban [&hellip;]<!-- AddThis Advanced Settings generic via filter on get_the_excerpt --><!-- AddThis Share Buttons generic via filter on get_the_excerpt --><\/p>\n","protected":false},"author":16,"featured_media":0,"comment_status":"open","ping_status":"closed","sticky":false,"template":"","format":"standard","meta":[],"categories":[1],"tags":[],"_links":{"self":[{"href":"https:\/\/blogs.elcomercio.es\/reflexiones-de-belarmino\/wp-json\/wp\/v2\/posts\/31052"}],"collection":[{"href":"https:\/\/blogs.elcomercio.es\/reflexiones-de-belarmino\/wp-json\/wp\/v2\/posts"}],"about":[{"href":"https:\/\/blogs.elcomercio.es\/reflexiones-de-belarmino\/wp-json\/wp\/v2\/types\/post"}],"author":[{"embeddable":true,"href":"https:\/\/blogs.elcomercio.es\/reflexiones-de-belarmino\/wp-json\/wp\/v2\/users\/16"}],"replies":[{"embeddable":true,"href":"https:\/\/blogs.elcomercio.es\/reflexiones-de-belarmino\/wp-json\/wp\/v2\/comments?post=31052"}],"version-history":[{"count":2,"href":"https:\/\/blogs.elcomercio.es\/reflexiones-de-belarmino\/wp-json\/wp\/v2\/posts\/31052\/revisions"}],"predecessor-version":[{"id":31054,"href":"https:\/\/blogs.elcomercio.es\/reflexiones-de-belarmino\/wp-json\/wp\/v2\/posts\/31052\/revisions\/31054"}],"wp:attachment":[{"href":"https:\/\/blogs.elcomercio.es\/reflexiones-de-belarmino\/wp-json\/wp\/v2\/media?parent=31052"}],"wp:term":[{"taxonomy":"category","embeddable":true,"href":"https:\/\/blogs.elcomercio.es\/reflexiones-de-belarmino\/wp-json\/wp\/v2\/categories?post=31052"},{"taxonomy":"post_tag","embeddable":true,"href":"https:\/\/blogs.elcomercio.es\/reflexiones-de-belarmino\/wp-json\/wp\/v2\/tags?post=31052"}],"curies":[{"name":"wp","href":"https:\/\/api.w.org\/{rel}","templated":true}]}}