{"id":31055,"date":"2023-06-30T16:48:41","date_gmt":"2023-06-30T14:48:41","guid":{"rendered":"https:\/\/blogs.elcomercio.es\/reflexiones-de-belarmino\/?p=31055"},"modified":"2023-06-30T16:50:55","modified_gmt":"2023-06-30T14:50:55","slug":"mi-palabra-no-es-importante-sino-el-futuro-de-los-extremenosguardiola-tras-la-alianza-con-vox","status":"publish","type":"post","link":"https:\/\/blogs.elcomercio.es\/reflexiones-de-belarmino\/2023\/06\/30\/mi-palabra-no-es-importante-sino-el-futuro-de-los-extremenosguardiola-tras-la-alianza-con-vox\/","title":{"rendered":"\u00a1\u00a1\u00a1&#8221; MI PALABRA NO ES IMPORTANTE, SINO EL FUTURO DE LOS EXTREME\u00d1OS:&#8221;GUARDIOLA, TRAS LA ALIANZA CON VOX !!!"},"content":{"rendered":"<p><b>Las palabras que no se cumplen, los intereses personales, por encima, los aumentos de los sueldos a\u00a0niveles escandalosos\u00a0antes de empezar\u00a0a trabajar, es una de las caracter\u00edsticas de esa alianza triunfante\u00a0en las municipales entre el PP y VOX, o entre VOX y el PP que se comprueba\u00a0son lo mismo.Mientras Feij\u00f3o hablaba de la importancia de la palabra en politica, la se\u00f1ora\u00a0Guardiola, se olvido de su negativa a pactara\u00a0con homofobos, contra los emigrantes, el negar la violencia machista ni el Cambio Clim\u00e1tico y cambi\u00f3, cuando estaba en riesgo su trabajo. &#8220;No importa mi palabra. Lo que cuentas\u00a0es el futuro de los extreme\u00f1os&#8221;.<\/b><\/p>\n<p><b>Recuerdo muy bien a los socialistas de siempre y su honestidad,aquellos de donde he provengo y su moral: No se me olvidaba\u00a0como Rafael Fern\u00e1ndez nunca cobr\u00f3 como presidente del Principado,por que ya ten\u00eda el sueldo de senador, ni tuvo autom\u00f3vil\u00a0ni\u00a0<\/b><b>guardaespaldas. Pero la derecha, en muchos ayuntamientos\u00a0 se han subido ya, sus sueldos por encima del del propio presidente del gobierno, como la alcaldesa de Marbella.<\/b><\/p>\n<p><strong>Venidos del sector privado, tienen que ganar tanto o mas por que hay m\u00e1s trabajo. \u00bf Servir a los ciudadanos?.Sabr\u00e1n que es ?.Eso es montarse en el presupuesto, convencidos de que su ascenso social est\u00e1 dentro de lo que llamamos la politica<\/strong><\/p>\n<p><strong>Cualquier alcalde\u00a0 de tercera gana en Espa\u00f1a m\u00e1s que el presidente de M\u00e9xico, con sus 5,000 euros al mes..<\/strong><\/p>\n<p><b>Cada d\u00eda Espa\u00f1a\u00a0no s\u00f3lo se encuentra\u00a0en el modelo neoliberal,\u00a0 como se vio\u00a0inclusive en los socialistas andaluces, sino que va en sentido contrario a la historia,\u00a0 en lo que ha aparecido en aquel pa\u00eds&#8221;tercermundista&#8221;, que va con la historia .<\/b><\/p>\n<p><b>Tengo la suerte\u00a0de\u00a0tener las dos nacionalizades y conozco desde hace 65 a\u00f1os, lo que ha pasado en cada uno de ellos.<\/b><\/p>\n<p>&nbsp;<\/p>\n<!-- AddThis Advanced Settings generic via filter on the_content --><!-- AddThis Share Buttons generic via filter on the_content -->","protected":false},"excerpt":{"rendered":"<p>Las palabras que no se cumplen, los intereses personales, por encima, los aumentos de los sueldos a\u00a0niveles escandalosos\u00a0antes de empezar\u00a0a trabajar, es una de las caracter\u00edsticas de esa alianza triunfante\u00a0en las municipales entre el PP y VOX, o entre VOX y el PP que se comprueba\u00a0son lo mismo.Mientras Feij\u00f3o hablaba de la importancia de la [&hellip;]<!-- AddThis Advanced Settings generic via filter on get_the_excerpt --><!-- AddThis Share Buttons generic via filter on get_the_excerpt --><\/p>\n","protected":false},"author":16,"featured_media":0,"comment_status":"open","ping_status":"closed","sticky":false,"template":"","format":"standard","meta":[],"categories":[1],"tags":[],"_links":{"self":[{"href":"https:\/\/blogs.elcomercio.es\/reflexiones-de-belarmino\/wp-json\/wp\/v2\/posts\/31055"}],"collection":[{"href":"https:\/\/blogs.elcomercio.es\/reflexiones-de-belarmino\/wp-json\/wp\/v2\/posts"}],"about":[{"href":"https:\/\/blogs.elcomercio.es\/reflexiones-de-belarmino\/wp-json\/wp\/v2\/types\/post"}],"author":[{"embeddable":true,"href":"https:\/\/blogs.elcomercio.es\/reflexiones-de-belarmino\/wp-json\/wp\/v2\/users\/16"}],"replies":[{"embeddable":true,"href":"https:\/\/blogs.elcomercio.es\/reflexiones-de-belarmino\/wp-json\/wp\/v2\/comments?post=31055"}],"version-history":[{"count":4,"href":"https:\/\/blogs.elcomercio.es\/reflexiones-de-belarmino\/wp-json\/wp\/v2\/posts\/31055\/revisions"}],"predecessor-version":[{"id":31059,"href":"https:\/\/blogs.elcomercio.es\/reflexiones-de-belarmino\/wp-json\/wp\/v2\/posts\/31055\/revisions\/31059"}],"wp:attachment":[{"href":"https:\/\/blogs.elcomercio.es\/reflexiones-de-belarmino\/wp-json\/wp\/v2\/media?parent=31055"}],"wp:term":[{"taxonomy":"category","embeddable":true,"href":"https:\/\/blogs.elcomercio.es\/reflexiones-de-belarmino\/wp-json\/wp\/v2\/categories?post=31055"},{"taxonomy":"post_tag","embeddable":true,"href":"https:\/\/blogs.elcomercio.es\/reflexiones-de-belarmino\/wp-json\/wp\/v2\/tags?post=31055"}],"curies":[{"name":"wp","href":"https:\/\/api.w.org\/{rel}","templated":true}]}}