{"id":31729,"date":"2023-08-09T10:39:14","date_gmt":"2023-08-09T08:39:14","guid":{"rendered":"https:\/\/blogs.elcomercio.es\/reflexiones-de-belarmino\/?p=31729"},"modified":"2023-08-09T10:39:14","modified_gmt":"2023-08-09T08:39:14","slug":"la-marcha-de-espinosa-de-los-monteros-de-vox-deja-a-la-formacion-al-borde-del-cisma","status":"publish","type":"post","link":"https:\/\/blogs.elcomercio.es\/reflexiones-de-belarmino\/2023\/08\/09\/la-marcha-de-espinosa-de-los-monteros-de-vox-deja-a-la-formacion-al-borde-del-cisma\/","title":{"rendered":"\u00a1\u00a1\u00a1LA MARCHA DE ESPINOSA DE LOS MONTEROS DE VOX DEJA A LA FORMACI\u00d3N AL BORDE DEL CISMA !!!"},"content":{"rendered":"<p><b>Aunque llevaban dos meses distanciados, la renuncia del fundador de Vox en 2013, mostr\u00f3 la fractura en el seno de VOX entre el sector liberal y los integristas.El co fundador del partido estaba molesto por la reducci\u00f3n de las mujeres en la direcci\u00f3n y el giro ultracat\u00f3lico., pero ella fue m\u00e1s palpable en la confecci\u00f3n de las listas donde se margina a su esposa Rocio Monasterio. El triunfo de Buxade nos lleva a analizar al Reino de Dios ante la decadencia, que ha planteado el Yunque y que se desprende de la Ciudad de D\u00edos de San Agust\u00edn\u00a0en los 350 d.c., quien la lucha maniqueista es\u00a0 construir la Ciudad de Dios, para impedir que las fuerzas del mal\u00a0 que se le enfrentaban triunfasen.\u00bf Le suena?<\/b><\/p>\n<!-- AddThis Advanced Settings generic via filter on the_content --><!-- AddThis Share Buttons generic via filter on the_content -->","protected":false},"excerpt":{"rendered":"<p>Aunque llevaban dos meses distanciados, la renuncia del fundador de Vox en 2013, mostr\u00f3 la fractura en el seno de VOX entre el sector liberal y los integristas.El co fundador del partido estaba molesto por la reducci\u00f3n de las mujeres en la direcci\u00f3n y el giro ultracat\u00f3lico., pero ella fue m\u00e1s palpable en la confecci\u00f3n [&hellip;]<!-- AddThis Advanced Settings generic via filter on get_the_excerpt --><!-- AddThis Share Buttons generic via filter on get_the_excerpt --><\/p>\n","protected":false},"author":16,"featured_media":0,"comment_status":"open","ping_status":"closed","sticky":false,"template":"","format":"standard","meta":[],"categories":[1],"tags":[],"_links":{"self":[{"href":"https:\/\/blogs.elcomercio.es\/reflexiones-de-belarmino\/wp-json\/wp\/v2\/posts\/31729"}],"collection":[{"href":"https:\/\/blogs.elcomercio.es\/reflexiones-de-belarmino\/wp-json\/wp\/v2\/posts"}],"about":[{"href":"https:\/\/blogs.elcomercio.es\/reflexiones-de-belarmino\/wp-json\/wp\/v2\/types\/post"}],"author":[{"embeddable":true,"href":"https:\/\/blogs.elcomercio.es\/reflexiones-de-belarmino\/wp-json\/wp\/v2\/users\/16"}],"replies":[{"embeddable":true,"href":"https:\/\/blogs.elcomercio.es\/reflexiones-de-belarmino\/wp-json\/wp\/v2\/comments?post=31729"}],"version-history":[{"count":2,"href":"https:\/\/blogs.elcomercio.es\/reflexiones-de-belarmino\/wp-json\/wp\/v2\/posts\/31729\/revisions"}],"predecessor-version":[{"id":31731,"href":"https:\/\/blogs.elcomercio.es\/reflexiones-de-belarmino\/wp-json\/wp\/v2\/posts\/31729\/revisions\/31731"}],"wp:attachment":[{"href":"https:\/\/blogs.elcomercio.es\/reflexiones-de-belarmino\/wp-json\/wp\/v2\/media?parent=31729"}],"wp:term":[{"taxonomy":"category","embeddable":true,"href":"https:\/\/blogs.elcomercio.es\/reflexiones-de-belarmino\/wp-json\/wp\/v2\/categories?post=31729"},{"taxonomy":"post_tag","embeddable":true,"href":"https:\/\/blogs.elcomercio.es\/reflexiones-de-belarmino\/wp-json\/wp\/v2\/tags?post=31729"}],"curies":[{"name":"wp","href":"https:\/\/api.w.org\/{rel}","templated":true}]}}