{"id":31768,"date":"2023-08-11T09:23:59","date_gmt":"2023-08-11T07:23:59","guid":{"rendered":"https:\/\/blogs.elcomercio.es\/reflexiones-de-belarmino\/?p=31768"},"modified":"2023-08-11T09:23:59","modified_gmt":"2023-08-11T07:23:59","slug":"psoe-y-erc-avanzan-para-un-acuerdo-en-la-mesa-del-congreso","status":"publish","type":"post","link":"https:\/\/blogs.elcomercio.es\/reflexiones-de-belarmino\/2023\/08\/11\/psoe-y-erc-avanzan-para-un-acuerdo-en-la-mesa-del-congreso\/","title":{"rendered":"\u00a1\u00a1\u00a1\u00a1PSOE Y ERC AVANZAN PARA UN ACUERDO EN LA MESA DEL CONGRESO !!!"},"content":{"rendered":"<p><b>Importante paso dado ayer entre el PSOE y ERC, al llegar a un acuerdo para la integraci\u00f3n de la Mesa la semana pr\u00f3xima. Esquerra tendr\u00e1 grupo propio en el congreso, y \u00e9stos llaman a Junts a no desaprovechar esta &#8220;oportunidad de oro &#8220;.<\/b><\/p>\n<!-- AddThis Advanced Settings generic via filter on the_content --><!-- AddThis Share Buttons generic via filter on the_content -->","protected":false},"excerpt":{"rendered":"<p>Importante paso dado ayer entre el PSOE y ERC, al llegar a un acuerdo para la integraci\u00f3n de la Mesa la semana pr\u00f3xima. Esquerra tendr\u00e1 grupo propio en el congreso, y \u00e9stos llaman a Junts a no desaprovechar esta &#8220;oportunidad de oro &#8220;.<!-- AddThis Advanced Settings generic via filter on get_the_excerpt --><!-- AddThis Share Buttons generic via filter on get_the_excerpt --><\/p>\n","protected":false},"author":16,"featured_media":0,"comment_status":"open","ping_status":"closed","sticky":false,"template":"","format":"standard","meta":[],"categories":[1],"tags":[],"_links":{"self":[{"href":"https:\/\/blogs.elcomercio.es\/reflexiones-de-belarmino\/wp-json\/wp\/v2\/posts\/31768"}],"collection":[{"href":"https:\/\/blogs.elcomercio.es\/reflexiones-de-belarmino\/wp-json\/wp\/v2\/posts"}],"about":[{"href":"https:\/\/blogs.elcomercio.es\/reflexiones-de-belarmino\/wp-json\/wp\/v2\/types\/post"}],"author":[{"embeddable":true,"href":"https:\/\/blogs.elcomercio.es\/reflexiones-de-belarmino\/wp-json\/wp\/v2\/users\/16"}],"replies":[{"embeddable":true,"href":"https:\/\/blogs.elcomercio.es\/reflexiones-de-belarmino\/wp-json\/wp\/v2\/comments?post=31768"}],"version-history":[{"count":1,"href":"https:\/\/blogs.elcomercio.es\/reflexiones-de-belarmino\/wp-json\/wp\/v2\/posts\/31768\/revisions"}],"predecessor-version":[{"id":31769,"href":"https:\/\/blogs.elcomercio.es\/reflexiones-de-belarmino\/wp-json\/wp\/v2\/posts\/31768\/revisions\/31769"}],"wp:attachment":[{"href":"https:\/\/blogs.elcomercio.es\/reflexiones-de-belarmino\/wp-json\/wp\/v2\/media?parent=31768"}],"wp:term":[{"taxonomy":"category","embeddable":true,"href":"https:\/\/blogs.elcomercio.es\/reflexiones-de-belarmino\/wp-json\/wp\/v2\/categories?post=31768"},{"taxonomy":"post_tag","embeddable":true,"href":"https:\/\/blogs.elcomercio.es\/reflexiones-de-belarmino\/wp-json\/wp\/v2\/tags?post=31768"}],"curies":[{"name":"wp","href":"https:\/\/api.w.org\/{rel}","templated":true}]}}