{"id":31770,"date":"2023-08-11T09:52:28","date_gmt":"2023-08-11T07:52:28","guid":{"rendered":"https:\/\/blogs.elcomercio.es\/reflexiones-de-belarmino\/?p=31770"},"modified":"2023-08-11T09:52:28","modified_gmt":"2023-08-11T07:52:28","slug":"la-inflacion-repunta-en-julio-al-2-3-con-los-alimentos-al-10-8","status":"publish","type":"post","link":"https:\/\/blogs.elcomercio.es\/reflexiones-de-belarmino\/2023\/08\/11\/la-inflacion-repunta-en-julio-al-2-3-con-los-alimentos-al-10-8\/","title":{"rendered":"\u00a1\u00a1\u00a1\u00a1LA INFLACI\u00d3N REPUNTA EN JULIO AL 2.3 % CON LOS ALIMENTOS AL 10.8 % !!!!"},"content":{"rendered":"<p><strong>La inflaci\u00f3n repunt\u00f3 durante el mes de julio al 2.3 % pero los alimentos llegan al aumento del 10.8 %.Primer reto, tras la formaci\u00f3n de Gobierno.<\/strong><\/p>\n<!-- AddThis Advanced Settings generic via filter on the_content --><!-- AddThis Share Buttons generic via filter on the_content -->","protected":false},"excerpt":{"rendered":"<p>La inflaci\u00f3n repunt\u00f3 durante el mes de julio al 2.3 % pero los alimentos llegan al aumento del 10.8 %.Primer reto, tras la formaci\u00f3n de Gobierno.<!-- AddThis Advanced Settings generic via filter on get_the_excerpt --><!-- AddThis Share Buttons generic via filter on get_the_excerpt --><\/p>\n","protected":false},"author":16,"featured_media":0,"comment_status":"open","ping_status":"closed","sticky":false,"template":"","format":"standard","meta":[],"categories":[1],"tags":[],"_links":{"self":[{"href":"https:\/\/blogs.elcomercio.es\/reflexiones-de-belarmino\/wp-json\/wp\/v2\/posts\/31770"}],"collection":[{"href":"https:\/\/blogs.elcomercio.es\/reflexiones-de-belarmino\/wp-json\/wp\/v2\/posts"}],"about":[{"href":"https:\/\/blogs.elcomercio.es\/reflexiones-de-belarmino\/wp-json\/wp\/v2\/types\/post"}],"author":[{"embeddable":true,"href":"https:\/\/blogs.elcomercio.es\/reflexiones-de-belarmino\/wp-json\/wp\/v2\/users\/16"}],"replies":[{"embeddable":true,"href":"https:\/\/blogs.elcomercio.es\/reflexiones-de-belarmino\/wp-json\/wp\/v2\/comments?post=31770"}],"version-history":[{"count":1,"href":"https:\/\/blogs.elcomercio.es\/reflexiones-de-belarmino\/wp-json\/wp\/v2\/posts\/31770\/revisions"}],"predecessor-version":[{"id":31771,"href":"https:\/\/blogs.elcomercio.es\/reflexiones-de-belarmino\/wp-json\/wp\/v2\/posts\/31770\/revisions\/31771"}],"wp:attachment":[{"href":"https:\/\/blogs.elcomercio.es\/reflexiones-de-belarmino\/wp-json\/wp\/v2\/media?parent=31770"}],"wp:term":[{"taxonomy":"category","embeddable":true,"href":"https:\/\/blogs.elcomercio.es\/reflexiones-de-belarmino\/wp-json\/wp\/v2\/categories?post=31770"},{"taxonomy":"post_tag","embeddable":true,"href":"https:\/\/blogs.elcomercio.es\/reflexiones-de-belarmino\/wp-json\/wp\/v2\/tags?post=31770"}],"curies":[{"name":"wp","href":"https:\/\/api.w.org\/{rel}","templated":true}]}}