{"id":32004,"date":"2023-08-25T09:20:19","date_gmt":"2023-08-25T07:20:19","guid":{"rendered":"https:\/\/blogs.elcomercio.es\/reflexiones-de-belarmino\/?p=32004"},"modified":"2023-08-25T09:20:19","modified_gmt":"2023-08-25T07:20:19","slug":"cinco-dias-aguanto-el-misogeno-a-la-nueva-espana","status":"publish","type":"post","link":"https:\/\/blogs.elcomercio.es\/reflexiones-de-belarmino\/2023\/08\/25\/cinco-dias-aguanto-el-misogeno-a-la-nueva-espana\/","title":{"rendered":"\u00a1\u00a1\u00a1\u00a1CINCO D\u00cdAS AGUANT\u00d3 EL MISOGENO A LA NUEVA ESPA\u00d1A !!!"},"content":{"rendered":"<p><strong>Ni una semana aguant\u00f3.Como ejemplo para todos, el se\u00f1or Rubiales, no dur\u00f3 ni una semana ante el avance de los mujeres motor de la nueva sociedad.Deber\u00edan tomar nota todos aquellos que no lo han entendido<\/strong><\/p>\n<!-- AddThis Advanced Settings generic via filter on the_content --><!-- AddThis Share Buttons generic via filter on the_content -->","protected":false},"excerpt":{"rendered":"<p>Ni una semana aguant\u00f3.Como ejemplo para todos, el se\u00f1or Rubiales, no dur\u00f3 ni una semana ante el avance de los mujeres motor de la nueva sociedad.Deber\u00edan tomar nota todos aquellos que no lo han entendido<!-- AddThis Advanced Settings generic via filter on get_the_excerpt --><!-- AddThis Share Buttons generic via filter on get_the_excerpt --><\/p>\n","protected":false},"author":16,"featured_media":0,"comment_status":"open","ping_status":"closed","sticky":false,"template":"","format":"standard","meta":[],"categories":[1],"tags":[],"_links":{"self":[{"href":"https:\/\/blogs.elcomercio.es\/reflexiones-de-belarmino\/wp-json\/wp\/v2\/posts\/32004"}],"collection":[{"href":"https:\/\/blogs.elcomercio.es\/reflexiones-de-belarmino\/wp-json\/wp\/v2\/posts"}],"about":[{"href":"https:\/\/blogs.elcomercio.es\/reflexiones-de-belarmino\/wp-json\/wp\/v2\/types\/post"}],"author":[{"embeddable":true,"href":"https:\/\/blogs.elcomercio.es\/reflexiones-de-belarmino\/wp-json\/wp\/v2\/users\/16"}],"replies":[{"embeddable":true,"href":"https:\/\/blogs.elcomercio.es\/reflexiones-de-belarmino\/wp-json\/wp\/v2\/comments?post=32004"}],"version-history":[{"count":1,"href":"https:\/\/blogs.elcomercio.es\/reflexiones-de-belarmino\/wp-json\/wp\/v2\/posts\/32004\/revisions"}],"predecessor-version":[{"id":32005,"href":"https:\/\/blogs.elcomercio.es\/reflexiones-de-belarmino\/wp-json\/wp\/v2\/posts\/32004\/revisions\/32005"}],"wp:attachment":[{"href":"https:\/\/blogs.elcomercio.es\/reflexiones-de-belarmino\/wp-json\/wp\/v2\/media?parent=32004"}],"wp:term":[{"taxonomy":"category","embeddable":true,"href":"https:\/\/blogs.elcomercio.es\/reflexiones-de-belarmino\/wp-json\/wp\/v2\/categories?post=32004"},{"taxonomy":"post_tag","embeddable":true,"href":"https:\/\/blogs.elcomercio.es\/reflexiones-de-belarmino\/wp-json\/wp\/v2\/tags?post=32004"}],"curies":[{"name":"wp","href":"https:\/\/api.w.org\/{rel}","templated":true}]}}