{"id":32006,"date":"2023-08-25T09:34:56","date_gmt":"2023-08-25T07:34:56","guid":{"rendered":"https:\/\/blogs.elcomercio.es\/reflexiones-de-belarmino\/?p=32006"},"modified":"2023-08-25T09:34:56","modified_gmt":"2023-08-25T07:34:56","slug":"arabia-saudita-emiratos-iran-egipto-y-argentina-nuevos-miembros-de-los-brics","status":"publish","type":"post","link":"https:\/\/blogs.elcomercio.es\/reflexiones-de-belarmino\/2023\/08\/25\/arabia-saudita-emiratos-iran-egipto-y-argentina-nuevos-miembros-de-los-brics\/","title":{"rendered":"\u00a1\u00a1\u00a1\u00a1\u00a1ARABIA SAUDITA, EMIRATOS, IR\u00c1N, EGIPTO Y ARGENTINA NUEVOS MIEMBROS  DE LOS BRICS.!!!"},"content":{"rendered":"<p><strong>Ayer fueron aceptados entre los BRICS (Brasil,Rusia,India,China y Sud\u00e1frica) cinco de los 40 paises que aspiran a entrar. Si antes de \u00e9sto la riqueza mundial de estos cinco paises superaban ya al poderoso G7 (EE:UU: Jap\u00f3n, Alemania, Francia, Italia,Reino Unido y Canad\u00e1) al crear al 32.1 % de la riqueza mundial contra el 29.9 del G 7, ayer se desnivel\u00f3 m\u00e1s esa diferencia con la entrada de Egipto, Ir\u00e1n, Arabia Saudita , Emiratos Arabes Unidos y Argentina.<\/strong><\/p>\n<!-- AddThis Advanced Settings generic via filter on the_content --><!-- AddThis Share Buttons generic via filter on the_content -->","protected":false},"excerpt":{"rendered":"<p>Ayer fueron aceptados entre los BRICS (Brasil,Rusia,India,China y Sud\u00e1frica) cinco de los 40 paises que aspiran a entrar. Si antes de \u00e9sto la riqueza mundial de estos cinco paises superaban ya al poderoso G7 (EE:UU: Jap\u00f3n, Alemania, Francia, Italia,Reino Unido y Canad\u00e1) al crear al 32.1 % de la riqueza mundial contra el 29.9 del [&hellip;]<!-- AddThis Advanced Settings generic via filter on get_the_excerpt --><!-- AddThis Share Buttons generic via filter on get_the_excerpt --><\/p>\n","protected":false},"author":16,"featured_media":0,"comment_status":"open","ping_status":"closed","sticky":false,"template":"","format":"standard","meta":[],"categories":[1],"tags":[],"_links":{"self":[{"href":"https:\/\/blogs.elcomercio.es\/reflexiones-de-belarmino\/wp-json\/wp\/v2\/posts\/32006"}],"collection":[{"href":"https:\/\/blogs.elcomercio.es\/reflexiones-de-belarmino\/wp-json\/wp\/v2\/posts"}],"about":[{"href":"https:\/\/blogs.elcomercio.es\/reflexiones-de-belarmino\/wp-json\/wp\/v2\/types\/post"}],"author":[{"embeddable":true,"href":"https:\/\/blogs.elcomercio.es\/reflexiones-de-belarmino\/wp-json\/wp\/v2\/users\/16"}],"replies":[{"embeddable":true,"href":"https:\/\/blogs.elcomercio.es\/reflexiones-de-belarmino\/wp-json\/wp\/v2\/comments?post=32006"}],"version-history":[{"count":1,"href":"https:\/\/blogs.elcomercio.es\/reflexiones-de-belarmino\/wp-json\/wp\/v2\/posts\/32006\/revisions"}],"predecessor-version":[{"id":32007,"href":"https:\/\/blogs.elcomercio.es\/reflexiones-de-belarmino\/wp-json\/wp\/v2\/posts\/32006\/revisions\/32007"}],"wp:attachment":[{"href":"https:\/\/blogs.elcomercio.es\/reflexiones-de-belarmino\/wp-json\/wp\/v2\/media?parent=32006"}],"wp:term":[{"taxonomy":"category","embeddable":true,"href":"https:\/\/blogs.elcomercio.es\/reflexiones-de-belarmino\/wp-json\/wp\/v2\/categories?post=32006"},{"taxonomy":"post_tag","embeddable":true,"href":"https:\/\/blogs.elcomercio.es\/reflexiones-de-belarmino\/wp-json\/wp\/v2\/tags?post=32006"}],"curies":[{"name":"wp","href":"https:\/\/api.w.org\/{rel}","templated":true}]}}