{"id":32097,"date":"2023-09-02T10:23:33","date_gmt":"2023-09-02T08:23:33","guid":{"rendered":"https:\/\/blogs.elcomercio.es\/reflexiones-de-belarmino\/?p=32097"},"modified":"2023-09-02T10:23:33","modified_gmt":"2023-09-02T08:23:33","slug":"el-estado-neoliberal-los-villar-mir-los-rubiales-y-la-debilidad-del-estado","status":"publish","type":"post","link":"https:\/\/blogs.elcomercio.es\/reflexiones-de-belarmino\/2023\/09\/02\/el-estado-neoliberal-los-villar-mir-los-rubiales-y-la-debilidad-del-estado\/","title":{"rendered":"\u00a1\u00a1\u00a1EL ESTADO NEOLIBERAL, LOS VILLAR MIR, LOS RUBIALES Y LA DEBILIDAD DEL ESTADO !!!"},"content":{"rendered":"<p><strong>Lo de ayer del TAC fue vergonzoso.Como cuando NO HAY ESTADO , como en el neoliberal, las fuerzas privadas pasan por encima de los ciudadanos, como ha sido el caso de Rubiales. Pero antes que Rubiales hubo otro peor: Villar Mir, que cuando ha salido a la luz el por que termin\u00f3 en el Supremo:el negocio de las Rozas, el de la Real Federaci\u00f3n de Futbol de Espa\u00f1a, una verdadera\u00a0<\/strong><b>verg\u00fcenza.<\/b><\/p>\n<p><b>Pero no s\u00f3lo fue aqu\u00ed. Otro Villar Mir en otro estado neoliberal hizo lo que quiso\u00a0al lado de un gobernador que lleg\u00f3\u00a0a presidente, a punto de conseguir el negocio de sus vida, los 12,500 millones de d\u00f3lares en la construcci\u00f3n del aeropuerto de Texcoco, un pueblo, con un Estado fuerte, acab\u00f3 con el ,sin negocio y retirado.<\/b><\/p>\n<p><b>Pero en Espa\u00f1a\u00a0 el modelo Neoliberal, donde no hay intervenci\u00f3n del Estado sobre las fuerzas privadas implantado por Margaret Teatcher y Ronald Reagan en 1979, y que implant\u00f3 Felipe Gonz\u00e1lez en la Transici\u00f3n Gatopardisa y en M\u00e9xico Salinas de Gortari, permitieron\u00a0que surgieran estos personajes, cuya expresi\u00f3n se centra ahora en Luis Rubiales, pero que es la continuidad de los Villar Mir. El reto al Estado\u00a0y a la sociedad: &#8221; No dimitir\u00e9, no dimitir\u00e9, no dimitir\u00e9&#8221; triunfo ante la debilidad\u00a0del Estado Espa\u00f1ol, dej\u00e1ndolo\u00a0en rid\u00edculo.<\/b><\/p>\n<p><b>Pero, ahora, es todo el f\u00fatbol\u00a0femenino, y en especial Jenni Hermoso, quienes van a padecer el verdadero poder de este modelo\u00a0Neoliberal.<\/b><\/p>\n<p>&nbsp;<\/p>\n<p>&nbsp;<\/p>\n<!-- AddThis Advanced Settings generic via filter on the_content --><!-- AddThis Share Buttons generic via filter on the_content -->","protected":false},"excerpt":{"rendered":"<p>Lo de ayer del TAC fue vergonzoso.Como cuando NO HAY ESTADO , como en el neoliberal, las fuerzas privadas pasan por encima de los ciudadanos, como ha sido el caso de Rubiales. Pero antes que Rubiales hubo otro peor: Villar Mir, que cuando ha salido a la luz el por que termin\u00f3 en el Supremo:el [&hellip;]<!-- AddThis Advanced Settings generic via filter on get_the_excerpt --><!-- AddThis Share Buttons generic via filter on get_the_excerpt --><\/p>\n","protected":false},"author":16,"featured_media":0,"comment_status":"open","ping_status":"closed","sticky":false,"template":"","format":"standard","meta":[],"categories":[1],"tags":[],"_links":{"self":[{"href":"https:\/\/blogs.elcomercio.es\/reflexiones-de-belarmino\/wp-json\/wp\/v2\/posts\/32097"}],"collection":[{"href":"https:\/\/blogs.elcomercio.es\/reflexiones-de-belarmino\/wp-json\/wp\/v2\/posts"}],"about":[{"href":"https:\/\/blogs.elcomercio.es\/reflexiones-de-belarmino\/wp-json\/wp\/v2\/types\/post"}],"author":[{"embeddable":true,"href":"https:\/\/blogs.elcomercio.es\/reflexiones-de-belarmino\/wp-json\/wp\/v2\/users\/16"}],"replies":[{"embeddable":true,"href":"https:\/\/blogs.elcomercio.es\/reflexiones-de-belarmino\/wp-json\/wp\/v2\/comments?post=32097"}],"version-history":[{"count":1,"href":"https:\/\/blogs.elcomercio.es\/reflexiones-de-belarmino\/wp-json\/wp\/v2\/posts\/32097\/revisions"}],"predecessor-version":[{"id":32098,"href":"https:\/\/blogs.elcomercio.es\/reflexiones-de-belarmino\/wp-json\/wp\/v2\/posts\/32097\/revisions\/32098"}],"wp:attachment":[{"href":"https:\/\/blogs.elcomercio.es\/reflexiones-de-belarmino\/wp-json\/wp\/v2\/media?parent=32097"}],"wp:term":[{"taxonomy":"category","embeddable":true,"href":"https:\/\/blogs.elcomercio.es\/reflexiones-de-belarmino\/wp-json\/wp\/v2\/categories?post=32097"},{"taxonomy":"post_tag","embeddable":true,"href":"https:\/\/blogs.elcomercio.es\/reflexiones-de-belarmino\/wp-json\/wp\/v2\/tags?post=32097"}],"curies":[{"name":"wp","href":"https:\/\/api.w.org\/{rel}","templated":true}]}}