{"id":32125,"date":"2023-09-04T18:03:45","date_gmt":"2023-09-04T16:03:45","guid":{"rendered":"https:\/\/blogs.elcomercio.es\/reflexiones-de-belarmino\/?p=32125"},"modified":"2023-09-04T18:03:45","modified_gmt":"2023-09-04T16:03:45","slug":"en-cuba-no-hay-guerra-pero-le-puedo-mandar-unos-poemas-wetheel-mandeme-los-poemas-yo-hago-aqui-la-guerra-hearst-en-1898-y-el-canal-de-panama-1899","status":"publish","type":"post","link":"https:\/\/blogs.elcomercio.es\/reflexiones-de-belarmino\/2023\/09\/04\/en-cuba-no-hay-guerra-pero-le-puedo-mandar-unos-poemas-wetheel-mandeme-los-poemas-yo-hago-aqui-la-guerra-hearst-en-1898-y-el-canal-de-panama-1899\/","title":{"rendered":"\u00a1\u00a1\u00a1\u00a1&#8221; EN CUBA NO HAY GUERRA, PERO LE PUEDO MANDAR UNOS POEMAS&#8221; WETHEEL.&#8221; MANDEME LOS POEMAS , YO  HAGO AQU\u00cd LA GUERRA&#8221;: HEARST EN 1898, Y EL CANAL DE PANAM\u00c1 1899!!!"},"content":{"rendered":"<p><strong>Estados Unidos ya hab\u00eda pasado la guerra de secesi\u00f3n, sacrificado a 70 millones de b\u00fafalos, base de la existencia de los indios y su total aislamiento, cuando le echaron el ojo a la Doctrina Monroe. &#8220;Am\u00e9rica, para los Americanos&#8221;,\u00a0<\/strong><b>dec\u00edan y pusieron el ojo en Espa\u00f1a, el \u00fanico\u00a0que les estorbaba.Aprovechando que estaban negociando con Benau Vallina, quien constru\u00eda\u00a0el Canal de Panam\u00e1 y se quedaron sin\u00a0dinero. en 2 a\u00f1os sacaron a los &#8220;extranjeros de Am\u00e9rica&#8221;. Con los prestamos a los\u00a0 franceses se quedaron por 99 a\u00f1os con la concesi\u00f3n y la territorialidad de aquel Panam\u00e1 que dividieron en dos y lo separaron de Colombia.<\/b><\/p>\n<p><b>Para expulsar a Espa\u00f1a, a su estilo hist\u00f3rico, aprovecharon al due\u00f1o de la 4 potencia econ\u00f3mica\u00a0individual en el mundo, Randolph Hearst, quien inventor de la prensa amarilla, due\u00f1o de los principales\u00a0medios de comunicaci\u00f3n, \u00e9l cre\u00f3 con la manipulaci\u00f3n de su potent\u00edsima prensa y radio, el escenario para echar a Espa\u00f1a.<\/b><\/p>\n<p><b>Con el mismo m\u00e9todo que a lo largo de la hist\u00f3rica, siguieron un m\u00e9todo sencillo: Dar noticias falsas, crear una opini\u00f3n p\u00fablica favorable\u00a0a lo que quer\u00edan y luego buscar el pretexto.El\u00a0 enviado por el a Cuba, le mand\u00f3 un telegrama: &#8221; NO hay ninguna guerra en Cuba, pero puede mandarle unos poemas que he escrito&#8221;, Hearts( como voy a comprar m\u00e1s obras en Europa, si llevan 2,000 a\u00f1os haci\u00e9ndolas y yo s\u00f3lo cinco\u00a0<\/b><b>compr\u00e1ndolas, para su\u00a0 su palacio\u00a0 que copi\u00f3 del Xanadu del Kublai Kan en China) le respondi\u00f3, jocoso: &#8221; Puede mandarme los poemas,pero\u00a0 la guerra yo la hago aqu\u00ed&#8221;.<\/b><\/p>\n<p><b>&#8221; Los barcos espa\u00f1oles a un lado de nuestras fronteras&#8221;, &#8221; cuidado, vienen por nosotros&#8221; y seg\u00fan ,el inventor de la prensa amarillista en el mundo que morir\u00eda a los 70 a\u00f1os, cre\u00f3 las condiciones en la opini\u00f3n p\u00fablica norteamericana. Bast\u00f3 con que ellos mismos hundieran el buque\u00a0insigna El Maine, para declararle la guerra a Espa\u00f1a, hasta que la echaron de Am\u00e9rica.Con ella fuera, y habi\u00e9ndose\u00a0quedado con el Canal de Panam\u00e1, empezaron el siglo XX, con territorio, inexpugnable, poder econ\u00f3mico, poderosos barcos y esperaron el siglo XX para, en las dos guerras mundiales, doblar hasta los europeos. Al final, due\u00f1os del mundo, crearon los acuerdos de Bretton Woods.<\/b><\/p>\n<p><b>Espa\u00f1a, recibi\u00f3 su \u00faltimo golpe, regresaron\u00a04 siglos despu\u00e9s a su &#8220;esqueleto original&#8221; y con un ejercito que habia perdido todas las guerras\u00a0y que ganar\u00eda\u00a0la primera,&#8230;.contra su propio pueblo\u00a0 acabando con la II Republica Espa\u00f1ola.<\/b><\/p>\n<p><strong>Por cierto, \u00bfalguien supo alguna vez, que significaba la \u00faltima palabra del magnate, en su \u00faltimo suspiro: Rosebaund?<\/strong><\/p>\n<p>&nbsp;<\/p>\n<!-- AddThis Advanced Settings generic via filter on the_content --><!-- AddThis Share Buttons generic via filter on the_content -->","protected":false},"excerpt":{"rendered":"<p>Estados Unidos ya hab\u00eda pasado la guerra de secesi\u00f3n, sacrificado a 70 millones de b\u00fafalos, base de la existencia de los indios y su total aislamiento, cuando le echaron el ojo a la Doctrina Monroe. &#8220;Am\u00e9rica, para los Americanos&#8221;,\u00a0dec\u00edan y pusieron el ojo en Espa\u00f1a, el \u00fanico\u00a0que les estorbaba.Aprovechando que estaban negociando con Benau Vallina, [&hellip;]<!-- AddThis Advanced Settings generic via filter on get_the_excerpt --><!-- AddThis Share Buttons generic via filter on get_the_excerpt --><\/p>\n","protected":false},"author":16,"featured_media":0,"comment_status":"open","ping_status":"closed","sticky":false,"template":"","format":"standard","meta":[],"categories":[1],"tags":[],"_links":{"self":[{"href":"https:\/\/blogs.elcomercio.es\/reflexiones-de-belarmino\/wp-json\/wp\/v2\/posts\/32125"}],"collection":[{"href":"https:\/\/blogs.elcomercio.es\/reflexiones-de-belarmino\/wp-json\/wp\/v2\/posts"}],"about":[{"href":"https:\/\/blogs.elcomercio.es\/reflexiones-de-belarmino\/wp-json\/wp\/v2\/types\/post"}],"author":[{"embeddable":true,"href":"https:\/\/blogs.elcomercio.es\/reflexiones-de-belarmino\/wp-json\/wp\/v2\/users\/16"}],"replies":[{"embeddable":true,"href":"https:\/\/blogs.elcomercio.es\/reflexiones-de-belarmino\/wp-json\/wp\/v2\/comments?post=32125"}],"version-history":[{"count":3,"href":"https:\/\/blogs.elcomercio.es\/reflexiones-de-belarmino\/wp-json\/wp\/v2\/posts\/32125\/revisions"}],"predecessor-version":[{"id":32128,"href":"https:\/\/blogs.elcomercio.es\/reflexiones-de-belarmino\/wp-json\/wp\/v2\/posts\/32125\/revisions\/32128"}],"wp:attachment":[{"href":"https:\/\/blogs.elcomercio.es\/reflexiones-de-belarmino\/wp-json\/wp\/v2\/media?parent=32125"}],"wp:term":[{"taxonomy":"category","embeddable":true,"href":"https:\/\/blogs.elcomercio.es\/reflexiones-de-belarmino\/wp-json\/wp\/v2\/categories?post=32125"},{"taxonomy":"post_tag","embeddable":true,"href":"https:\/\/blogs.elcomercio.es\/reflexiones-de-belarmino\/wp-json\/wp\/v2\/tags?post=32125"}],"curies":[{"name":"wp","href":"https:\/\/api.w.org\/{rel}","templated":true}]}}