{"id":32129,"date":"2023-09-05T11:53:38","date_gmt":"2023-09-05T09:53:38","guid":{"rendered":"https:\/\/blogs.elcomercio.es\/reflexiones-de-belarmino\/?p=32129"},"modified":"2023-09-05T11:53:38","modified_gmt":"2023-09-05T09:53:38","slug":"puigdemont-dueno-de-la-situacion-habla-cara-al-gobierno-y-a-los-independentistas-puede-haber-elecciones-en-enero","status":"publish","type":"post","link":"https:\/\/blogs.elcomercio.es\/reflexiones-de-belarmino\/2023\/09\/05\/puigdemont-dueno-de-la-situacion-habla-cara-al-gobierno-y-a-los-independentistas-puede-haber-elecciones-en-enero\/","title":{"rendered":"\u00a1\u00a1\u00a1\u00a1PUIGDEMONT, DUE\u00d1O DE LA SITUACION, HABLA CARA AL GOBIERNO Y A LOS INDEPENDENTISTAS. PUEDE HABER ELECCIONES EN ENERO !!!"},"content":{"rendered":"<p><b>Bien, as\u00ed es nuestra historia y nuestro sistema. Hoy, desde Bruselas, donde ayer se reuni\u00f3 en el Parlamento Europeo, y no como equivocadamente\u00a0informamos, en Waterloo, Puigdemont, convertido en el lider que\u00a0 tiene por delante las investiduras, o nuevas elecciones, duro y claro, ha planteado sus\u00a0posiciones. No se se separan un \u00e1pice de su historia.<\/b><\/p>\n<p><b>Sabedor de su situaci\u00f3n y su fuerza est\u00e1\u00a0haciendo un discurso cara al gobierno de\u00a0Espa\u00f1a y cara a los independentistas\u00a0catalanes d\u00edas antes del 11 de septiembre, d\u00eda de la Diada. Cara a los independentistas, ha logrado que Junts sobrepase a ERC, como se ha mostrado, pero tambi\u00e9n como se\u00a0 ver\u00e1 el pr\u00f3ximo lunes.<\/b><\/p>\n<p><strong>Cara al Gobierno, hace planteamientos posibles, como la Amnist\u00eda, y volver a la politica lo que Rajoy judializ\u00f3, pero plantea que la Amnist\u00eda se realice antes\u00a0 de la investidura de Sanchez, con una mayor\u00eda en el Senado por parte del Partido Popular, que no la hace posible.<\/strong><\/p>\n<p><strong>Depender\u00e1 del lunes y de la habilidad de Pedro Sanchez\u00a0 y Yolanda D\u00edaz, pero hoy 5 de septiembre no podemos descartar nuevas elecciones en enero del 2024.<\/strong><\/p>\n<p><b>\u00bf Sabe usted por que la Mesa del Congreso dio\u00a0m\u00e1s de un mes a Feij\u00f3o, para su investidura ?. Para evitar que las pr\u00f3ximas elecciones, si las hubiera, no cayesen en Navidades y se fueran\u00a0hasta enero . \u00bf Casualidad ?<\/b><\/p>\n<p>&nbsp;<\/p>\n<p>&nbsp;<\/p>\n<p>&nbsp;<\/p>\n<!-- AddThis Advanced Settings generic via filter on the_content --><!-- AddThis Share Buttons generic via filter on the_content -->","protected":false},"excerpt":{"rendered":"<p>Bien, as\u00ed es nuestra historia y nuestro sistema. Hoy, desde Bruselas, donde ayer se reuni\u00f3 en el Parlamento Europeo, y no como equivocadamente\u00a0informamos, en Waterloo, Puigdemont, convertido en el lider que\u00a0 tiene por delante las investiduras, o nuevas elecciones, duro y claro, ha planteado sus\u00a0posiciones. No se se separan un \u00e1pice de su historia. Sabedor [&hellip;]<!-- AddThis Advanced Settings generic via filter on get_the_excerpt --><!-- AddThis Share Buttons generic via filter on get_the_excerpt --><\/p>\n","protected":false},"author":16,"featured_media":0,"comment_status":"open","ping_status":"closed","sticky":false,"template":"","format":"standard","meta":[],"categories":[1],"tags":[],"_links":{"self":[{"href":"https:\/\/blogs.elcomercio.es\/reflexiones-de-belarmino\/wp-json\/wp\/v2\/posts\/32129"}],"collection":[{"href":"https:\/\/blogs.elcomercio.es\/reflexiones-de-belarmino\/wp-json\/wp\/v2\/posts"}],"about":[{"href":"https:\/\/blogs.elcomercio.es\/reflexiones-de-belarmino\/wp-json\/wp\/v2\/types\/post"}],"author":[{"embeddable":true,"href":"https:\/\/blogs.elcomercio.es\/reflexiones-de-belarmino\/wp-json\/wp\/v2\/users\/16"}],"replies":[{"embeddable":true,"href":"https:\/\/blogs.elcomercio.es\/reflexiones-de-belarmino\/wp-json\/wp\/v2\/comments?post=32129"}],"version-history":[{"count":2,"href":"https:\/\/blogs.elcomercio.es\/reflexiones-de-belarmino\/wp-json\/wp\/v2\/posts\/32129\/revisions"}],"predecessor-version":[{"id":32131,"href":"https:\/\/blogs.elcomercio.es\/reflexiones-de-belarmino\/wp-json\/wp\/v2\/posts\/32129\/revisions\/32131"}],"wp:attachment":[{"href":"https:\/\/blogs.elcomercio.es\/reflexiones-de-belarmino\/wp-json\/wp\/v2\/media?parent=32129"}],"wp:term":[{"taxonomy":"category","embeddable":true,"href":"https:\/\/blogs.elcomercio.es\/reflexiones-de-belarmino\/wp-json\/wp\/v2\/categories?post=32129"},{"taxonomy":"post_tag","embeddable":true,"href":"https:\/\/blogs.elcomercio.es\/reflexiones-de-belarmino\/wp-json\/wp\/v2\/tags?post=32129"}],"curies":[{"name":"wp","href":"https:\/\/api.w.org\/{rel}","templated":true}]}}