{"id":32193,"date":"2023-09-10T09:49:42","date_gmt":"2023-09-10T07:49:42","guid":{"rendered":"https:\/\/blogs.elcomercio.es\/reflexiones-de-belarmino\/?p=32193"},"modified":"2023-09-10T09:49:42","modified_gmt":"2023-09-10T07:49:42","slug":"g-20-evita-condenar-a-rusia-yen-el-acuerda-occidente-crear-una-ruta-de-la-seda-alterna-a-la-de-china","status":"publish","type":"post","link":"https:\/\/blogs.elcomercio.es\/reflexiones-de-belarmino\/2023\/09\/10\/g-20-evita-condenar-a-rusia-yen-el-acuerda-occidente-crear-una-ruta-de-la-seda-alterna-a-la-de-china\/","title":{"rendered":"\u00a1\u00a1\u00a1\u00a1G 20.- EVITA CONDENAR A RUSIA, Y,EN \u00c9L, ACUERDA OCCIDENTE CREAR UNA RUTA DE LA SEDA ALTERNA A LA DE CHINA !!!"},"content":{"rendered":"<p><b>Con la ausencia de Xi Jinping y de Vladimir Putin y sin invitaci\u00f3n, como \u00e9l pensaba, de Volodimir Zelensy, termina hoy en Nueva Delhi la reuni\u00f3n del G 20, grupo clave para la transformaci\u00f3n mundial. Ayer con Biden, Scholtz, Macron, Lula, entre otros, Modi termin\u00f3\u00a0la reuni\u00f3n con una visita al mausoleo de Mahatma Gandhi.<\/b><\/p>\n<p><strong>El acuerdo final evita condenar a Rusia por su acci\u00f3n en Ucrania, pero logr\u00f3 que Occidente,con Arabia Saudita, inicie un proyecto de comercio mundial similar a la Nueva Ruta de la Seda que impulsa China hace ya varios a\u00f1os<\/strong><\/p>\n<!-- AddThis Advanced Settings generic via filter on the_content --><!-- AddThis Share Buttons generic via filter on the_content -->","protected":false},"excerpt":{"rendered":"<p>Con la ausencia de Xi Jinping y de Vladimir Putin y sin invitaci\u00f3n, como \u00e9l pensaba, de Volodimir Zelensy, termina hoy en Nueva Delhi la reuni\u00f3n del G 20, grupo clave para la transformaci\u00f3n mundial. Ayer con Biden, Scholtz, Macron, Lula, entre otros, Modi termin\u00f3\u00a0la reuni\u00f3n con una visita al mausoleo de Mahatma Gandhi. El [&hellip;]<!-- AddThis Advanced Settings generic via filter on get_the_excerpt --><!-- AddThis Share Buttons generic via filter on get_the_excerpt --><\/p>\n","protected":false},"author":16,"featured_media":0,"comment_status":"open","ping_status":"closed","sticky":false,"template":"","format":"standard","meta":[],"categories":[1],"tags":[],"_links":{"self":[{"href":"https:\/\/blogs.elcomercio.es\/reflexiones-de-belarmino\/wp-json\/wp\/v2\/posts\/32193"}],"collection":[{"href":"https:\/\/blogs.elcomercio.es\/reflexiones-de-belarmino\/wp-json\/wp\/v2\/posts"}],"about":[{"href":"https:\/\/blogs.elcomercio.es\/reflexiones-de-belarmino\/wp-json\/wp\/v2\/types\/post"}],"author":[{"embeddable":true,"href":"https:\/\/blogs.elcomercio.es\/reflexiones-de-belarmino\/wp-json\/wp\/v2\/users\/16"}],"replies":[{"embeddable":true,"href":"https:\/\/blogs.elcomercio.es\/reflexiones-de-belarmino\/wp-json\/wp\/v2\/comments?post=32193"}],"version-history":[{"count":2,"href":"https:\/\/blogs.elcomercio.es\/reflexiones-de-belarmino\/wp-json\/wp\/v2\/posts\/32193\/revisions"}],"predecessor-version":[{"id":32195,"href":"https:\/\/blogs.elcomercio.es\/reflexiones-de-belarmino\/wp-json\/wp\/v2\/posts\/32193\/revisions\/32195"}],"wp:attachment":[{"href":"https:\/\/blogs.elcomercio.es\/reflexiones-de-belarmino\/wp-json\/wp\/v2\/media?parent=32193"}],"wp:term":[{"taxonomy":"category","embeddable":true,"href":"https:\/\/blogs.elcomercio.es\/reflexiones-de-belarmino\/wp-json\/wp\/v2\/categories?post=32193"},{"taxonomy":"post_tag","embeddable":true,"href":"https:\/\/blogs.elcomercio.es\/reflexiones-de-belarmino\/wp-json\/wp\/v2\/tags?post=32193"}],"curies":[{"name":"wp","href":"https:\/\/api.w.org\/{rel}","templated":true}]}}