{"id":32258,"date":"2023-09-13T14:54:18","date_gmt":"2023-09-13T12:54:18","guid":{"rendered":"https:\/\/blogs.elcomercio.es\/reflexiones-de-belarmino\/?p=32258"},"modified":"2023-09-13T14:54:18","modified_gmt":"2023-09-13T12:54:18","slug":"importante-francisco-i-con-su-nombramiento-ayer-del-futuro-tarancon-jose-cobo-hizo-estallar-a-la-iglesia-y-con-ello-a-aznar","status":"publish","type":"post","link":"https:\/\/blogs.elcomercio.es\/reflexiones-de-belarmino\/2023\/09\/13\/importante-francisco-i-con-su-nombramiento-ayer-del-futuro-tarancon-jose-cobo-hizo-estallar-a-la-iglesia-y-con-ello-a-aznar\/","title":{"rendered":"\u00a1\u00a1\u00a1\u00a1IMPORTANTE.- FRANCISCO I, CON SU NOMBRAMIENTO AYER, DEL FUTURO TARANCON, JOSE COBO, HIZO ESTALLAR A LA IGLESIA Y CON ELLO A AZNAR !!!"},"content":{"rendered":"<p><b>. El 12 de septiembre en Espa\u00f1a, ha sido un parte aguas\u00a0en su historia.\u00a0 Francisco I, movi\u00f3 ficha y la Iglesia explot\u00f3 y us\u00f3 a su hombre, por encima de Feij\u00f3o: Jos\u00e9 Mar\u00eda Aznar<\/b><\/p>\n<p><b>Un hombre tan inteligente, no lo pod\u00eda dejar pasar por alto. En la Transici\u00f3n\u00a0Gatopardista, se elimin\u00f3 todo lo que significaba Tarancon, se dio entrada a los nombrados por Juan Pablo II y Benedicto XVI,. y con Suqu\u00eda y los Rouco Varela\u00a0 han llevado a la Conferencia Episcopal Espa\u00f1ola a ser una de las\u00a0 ultra conservadoras\u00a0de Europa\u00a0 y del mundo.<\/b><\/p>\n<p><strong>Pero, en el silencio, ayer fueron nombrados miembros de la Congregaci\u00f3n de los Obispos(la hacedora de Obispos en el Vaticano) Jos\u00e9 Cobo, Arzobispo de Madrid y al Obispo de Almeria, para hacer el cambio que se produce en Espa\u00f1a, pero no en la Conferencia Esp\u00ecscopal,.Sabedores, de ello la Iglesia movi\u00f3 ficha y mand\u00f3 a Aznar AL ENFRENTAMIENTO<\/strong><\/p>\n<p><strong>Y, para el termino de la Transici\u00f3n, ya se preparan los movimientos que materializar\u00e1\u00a0 aqu\u00ed Jos\u00e9 Cobo, Arzobispo de Madrid., COBO EL NUEVO TARANCON.(la vieja guardia del PSOE, ni se lo oli\u00f3, y cay\u00f3 en la provocaci\u00f3n)<\/strong><\/p>\n<p><strong>El Franquismo una \u00e9poca, el final del franquismo, otra, la Transici\u00f3n Gatopardista otra, y ahora con Cobo al frente la nueva \u00e9poca de la Nueva Espa\u00f1a que viene.<\/strong><\/p>\n<p><b>Nuestros respetos a Francisco\u00a0I, a Jorge Bergoglio, atento siempre a los procesos, a los 85, no se olvida de Espa\u00f1a y\u00a0 ha dado el PU\u00d1ETAZO EN LA MESA.\u00a0<\/b><\/p>\n<p><b>De ah\u00ed la irritaci\u00f3n de Aznar, que\u00a0surge el mismo d\u00eda del nombramiento<\/b><\/p>\n<!-- AddThis Advanced Settings generic via filter on the_content --><!-- AddThis Share Buttons generic via filter on the_content -->","protected":false},"excerpt":{"rendered":"<p>. El 12 de septiembre en Espa\u00f1a, ha sido un parte aguas\u00a0en su historia.\u00a0 Francisco I, movi\u00f3 ficha y la Iglesia explot\u00f3 y us\u00f3 a su hombre, por encima de Feij\u00f3o: Jos\u00e9 Mar\u00eda Aznar Un hombre tan inteligente, no lo pod\u00eda dejar pasar por alto. En la Transici\u00f3n\u00a0Gatopardista, se elimin\u00f3 todo lo que significaba Tarancon, [&hellip;]<!-- AddThis Advanced Settings generic via filter on get_the_excerpt --><!-- AddThis Share Buttons generic via filter on get_the_excerpt --><\/p>\n","protected":false},"author":16,"featured_media":0,"comment_status":"open","ping_status":"closed","sticky":false,"template":"","format":"standard","meta":[],"categories":[1],"tags":[],"_links":{"self":[{"href":"https:\/\/blogs.elcomercio.es\/reflexiones-de-belarmino\/wp-json\/wp\/v2\/posts\/32258"}],"collection":[{"href":"https:\/\/blogs.elcomercio.es\/reflexiones-de-belarmino\/wp-json\/wp\/v2\/posts"}],"about":[{"href":"https:\/\/blogs.elcomercio.es\/reflexiones-de-belarmino\/wp-json\/wp\/v2\/types\/post"}],"author":[{"embeddable":true,"href":"https:\/\/blogs.elcomercio.es\/reflexiones-de-belarmino\/wp-json\/wp\/v2\/users\/16"}],"replies":[{"embeddable":true,"href":"https:\/\/blogs.elcomercio.es\/reflexiones-de-belarmino\/wp-json\/wp\/v2\/comments?post=32258"}],"version-history":[{"count":4,"href":"https:\/\/blogs.elcomercio.es\/reflexiones-de-belarmino\/wp-json\/wp\/v2\/posts\/32258\/revisions"}],"predecessor-version":[{"id":32262,"href":"https:\/\/blogs.elcomercio.es\/reflexiones-de-belarmino\/wp-json\/wp\/v2\/posts\/32258\/revisions\/32262"}],"wp:attachment":[{"href":"https:\/\/blogs.elcomercio.es\/reflexiones-de-belarmino\/wp-json\/wp\/v2\/media?parent=32258"}],"wp:term":[{"taxonomy":"category","embeddable":true,"href":"https:\/\/blogs.elcomercio.es\/reflexiones-de-belarmino\/wp-json\/wp\/v2\/categories?post=32258"},{"taxonomy":"post_tag","embeddable":true,"href":"https:\/\/blogs.elcomercio.es\/reflexiones-de-belarmino\/wp-json\/wp\/v2\/tags?post=32258"}],"curies":[{"name":"wp","href":"https:\/\/api.w.org\/{rel}","templated":true}]}}