{"id":32295,"date":"2023-09-17T11:09:04","date_gmt":"2023-09-17T09:09:04","guid":{"rendered":"https:\/\/blogs.elcomercio.es\/reflexiones-de-belarmino\/?p=32295"},"modified":"2023-09-17T11:09:04","modified_gmt":"2023-09-17T09:09:04","slug":"gonzalez-aznar-puigdemont-podemos-abascal-la-iglesia-todos-contra-pedro-sanchez-cual-es-su-secreto","status":"publish","type":"post","link":"https:\/\/blogs.elcomercio.es\/reflexiones-de-belarmino\/2023\/09\/17\/gonzalez-aznar-puigdemont-podemos-abascal-la-iglesia-todos-contra-pedro-sanchez-cual-es-su-secreto\/","title":{"rendered":"\u00a1\u00a1\u00a1GONZALEZ, AZNAR, PUIGDEMONT, PODEMOS, ABASCAL, LA IGLESIA, TODOS CONTRA PEDRO SANCHEZ.\u00bf CUAL ES SU SECRETO ?!!!"},"content":{"rendered":"<p><b>Han pasado 5 a\u00f1os y continua adelante, derribando obst\u00e1culo,tras obst\u00e1culo. Se le ha enfrentado la c\u00fapula de su partido dirigida por Gonzalez, Guerra, Susana y aquel Fernandez, y los dej\u00f3 atr\u00e1s; se la han enfrentado dos presidentes del P\u00e2rtido Popular y los va a dejar en el camino: la Iglesia, tuvo que usar a Aznar como respuesta al nombramiento de Francisco I de Jos\u00e9 Cobo como.<\/b><b> Arzobispo de Madrid, y el dia 12 haberlo incorporado a la Prefectura de los Obispos, que pone en sus manos el destino de los obispos espa\u00f1oles a liados a todos los anteriores;se ha enfrentado a Vox,, y lo dejado en su m\u00ednimo hist\u00f3rico, y\u00a0 adem\u00e1s ha ganado la presidencia de Europa.<\/b><\/p>\n<p><strong>\u00bf Cual es el secreto de Pedro S\u00e1nchez tras haber aguantado tantos a\u00f1os ?. Bueno\u00a0 de \u00e9l y los dirigentes del PSOE del 2023 y la ayuda b\u00e1sica de Yolanda D\u00edaz?.<\/strong><\/p>\n<p><strong>El&#8221; Sanchismo&#8221;, une a todos los anteriores POR QUE SIGNIFICA UN CAMBIO REAL tras la Transici\u00f3n Gatopardista, a lo que tienen miedo los poderes f\u00e1cticos de Espa\u00f1a.<\/strong><\/p>\n<p><strong>S\u00f3lo falta saber, si tras la investidura frustrada de Feijo el 26 y 27, logra la INVESTIDURA para 4 a\u00f1os m\u00e1s, claves en el futuro de Espa\u00f1a.<\/strong><\/p>\n<p><b>Pero, tras cinco a\u00f1os, como el anuncio del g\u00fcisqui, SIGUE ADELANTE TAN CAMPANTE.<\/b><\/p>\n<p>&nbsp;<\/p>\n<!-- AddThis Advanced Settings generic via filter on the_content --><!-- AddThis Share Buttons generic via filter on the_content -->","protected":false},"excerpt":{"rendered":"<p>Han pasado 5 a\u00f1os y continua adelante, derribando obst\u00e1culo,tras obst\u00e1culo. Se le ha enfrentado la c\u00fapula de su partido dirigida por Gonzalez, Guerra, Susana y aquel Fernandez, y los dej\u00f3 atr\u00e1s; se la han enfrentado dos presidentes del P\u00e2rtido Popular y los va a dejar en el camino: la Iglesia, tuvo que usar a Aznar [&hellip;]<!-- AddThis Advanced Settings generic via filter on get_the_excerpt --><!-- AddThis Share Buttons generic via filter on get_the_excerpt --><\/p>\n","protected":false},"author":16,"featured_media":0,"comment_status":"open","ping_status":"closed","sticky":false,"template":"","format":"standard","meta":[],"categories":[1],"tags":[],"_links":{"self":[{"href":"https:\/\/blogs.elcomercio.es\/reflexiones-de-belarmino\/wp-json\/wp\/v2\/posts\/32295"}],"collection":[{"href":"https:\/\/blogs.elcomercio.es\/reflexiones-de-belarmino\/wp-json\/wp\/v2\/posts"}],"about":[{"href":"https:\/\/blogs.elcomercio.es\/reflexiones-de-belarmino\/wp-json\/wp\/v2\/types\/post"}],"author":[{"embeddable":true,"href":"https:\/\/blogs.elcomercio.es\/reflexiones-de-belarmino\/wp-json\/wp\/v2\/users\/16"}],"replies":[{"embeddable":true,"href":"https:\/\/blogs.elcomercio.es\/reflexiones-de-belarmino\/wp-json\/wp\/v2\/comments?post=32295"}],"version-history":[{"count":2,"href":"https:\/\/blogs.elcomercio.es\/reflexiones-de-belarmino\/wp-json\/wp\/v2\/posts\/32295\/revisions"}],"predecessor-version":[{"id":32297,"href":"https:\/\/blogs.elcomercio.es\/reflexiones-de-belarmino\/wp-json\/wp\/v2\/posts\/32295\/revisions\/32297"}],"wp:attachment":[{"href":"https:\/\/blogs.elcomercio.es\/reflexiones-de-belarmino\/wp-json\/wp\/v2\/media?parent=32295"}],"wp:term":[{"taxonomy":"category","embeddable":true,"href":"https:\/\/blogs.elcomercio.es\/reflexiones-de-belarmino\/wp-json\/wp\/v2\/categories?post=32295"},{"taxonomy":"post_tag","embeddable":true,"href":"https:\/\/blogs.elcomercio.es\/reflexiones-de-belarmino\/wp-json\/wp\/v2\/tags?post=32295"}],"curies":[{"name":"wp","href":"https:\/\/api.w.org\/{rel}","templated":true}]}}