{"id":32307,"date":"2023-09-18T16:53:43","date_gmt":"2023-09-18T14:53:43","guid":{"rendered":"https:\/\/blogs.elcomercio.es\/reflexiones-de-belarmino\/?p=32307"},"modified":"2023-09-18T16:53:43","modified_gmt":"2023-09-18T14:53:43","slug":"en-5-anos-3547-kms-de-gusanos-del-hierro-seran-inaugurados-elinsurgenteunira-toluca-con-ciudad-de-mexico-en-39-minutos","status":"publish","type":"post","link":"https:\/\/blogs.elcomercio.es\/reflexiones-de-belarmino\/2023\/09\/18\/en-5-anos-3547-kms-de-gusanos-del-hierro-seran-inaugurados-elinsurgenteunira-toluca-con-ciudad-de-mexico-en-39-minutos\/","title":{"rendered":"\u00a1\u00a1\u00a1\u00a1EN 5 A\u00d1OS, 3,547 KMS DE &#8221; GUSANOS DEL HIERRO&#8221;, SER\u00c1N INAUGURADOS.-EL&#8221;INSURGENTE&#8221;UNIR\u00c1 TOLUCA CON CIUDAD DE MEXICO EN 39 MINUTOS !!!"},"content":{"rendered":"<p><b>Informan los t\u00e9cnicos, en la Ma\u00f1anera ante el Presidente, los avances en la construcci\u00f3n de ferrocarriles en los 5 a\u00f1os de la Cuarta Fase. A los 1,554 kms. del Tren Maya, se est\u00e1n construyendo\u00a0 el Corredor Transismico, que unir\u00e1 los puertos\u00a0 de Salina Cruz, Oaxaca, a Coatzacoalcos, Veracruz, uniendo el Oc\u00e9ano\u00a0\u00a0Pacifico con el Atl\u00e1ntico, que, como hemos comentado, permitir\u00e1,, en la mitad de tiempo del Canal de Panam\u00e1, 1,400,000 contenedores\u00a0actuales\u00a0y otros ferrocarriles que conectar\u00e1 con ambos uniendo 10 estados, con un total de 3,541 km. construidos en 5 a\u00f1os.<\/b><\/p>\n<p><strong>Ser\u00e1 la base para ir transformando el ferrocarril, como alternativa al avi\u00f3n, en rutas costas, y que ser\u00e1 la parte mexicana, del Canadian Pacific, que conectar\u00e1 con 31,000 kms. Canad\u00e1, EE.UU y M\u00e9xico.<\/strong><\/p>\n<p><b>&#8220;Los gusanos de hierro&#8221;, es como hablan de ellos los ind\u00edgenas, que ser\u00e1n uno de los principales benficiarios del Tren Maya, mayas actuales que, al construirlo, descubrieron las riquezas de sus antepasados. No olvidemos que en 1523, en Man\u00ed, Yucat\u00e1n, en un Acto de Fe ,Fray Diego de Landa, quem\u00f3 toda la historia de los mayas, quemando todos su c\u00f3dices. Hachazo a la historia\u00a0de una\u00a0 de las grandes culturas universales.<\/b><\/p>\n<p><strong>Se ha declarado, de nuevo, Chetumal, la capital de Quintana Roo, como ZONA LIBRE, donde sin impuestos se compran productos de todo el mundo, y son un gran impulsor del turismo.<\/strong><\/p>\n<p><b>Quienes conocen M\u00e9xico, saben las dificultades para ir, aun en autopista, de la Ciudad de M\u00e9xico hasta Toluca, 110 kil\u00f3metros, que se suele\u00a0tardar casi dos horas por las tremendas monta\u00f1as en el camino. Hoy, en la Cuarta Fase, se ha construido EL INSURGENTE, que en 39 minutos une a las dos ciudades, tras\u00a0las obras bajo la monta\u00f1a.. El s\u00e1bado que se inici\u00f3 ,lo usaron 155,000 pasajeros.<\/b><\/p>\n<p><strong>Y ah\u00ed sigue avanzando el pa\u00eds en su Cuarta Transformaci\u00f3n.<\/strong><\/p>\n<!-- AddThis Advanced Settings generic via filter on the_content --><!-- AddThis Share Buttons generic via filter on the_content -->","protected":false},"excerpt":{"rendered":"<p>Informan los t\u00e9cnicos, en la Ma\u00f1anera ante el Presidente, los avances en la construcci\u00f3n de ferrocarriles en los 5 a\u00f1os de la Cuarta Fase. A los 1,554 kms. del Tren Maya, se est\u00e1n construyendo\u00a0 el Corredor Transismico, que unir\u00e1 los puertos\u00a0 de Salina Cruz, Oaxaca, a Coatzacoalcos, Veracruz, uniendo el Oc\u00e9ano\u00a0\u00a0Pacifico con el Atl\u00e1ntico, que, [&hellip;]<!-- AddThis Advanced Settings generic via filter on get_the_excerpt --><!-- AddThis Share Buttons generic via filter on get_the_excerpt --><\/p>\n","protected":false},"author":16,"featured_media":0,"comment_status":"open","ping_status":"closed","sticky":false,"template":"","format":"standard","meta":[],"categories":[1],"tags":[],"_links":{"self":[{"href":"https:\/\/blogs.elcomercio.es\/reflexiones-de-belarmino\/wp-json\/wp\/v2\/posts\/32307"}],"collection":[{"href":"https:\/\/blogs.elcomercio.es\/reflexiones-de-belarmino\/wp-json\/wp\/v2\/posts"}],"about":[{"href":"https:\/\/blogs.elcomercio.es\/reflexiones-de-belarmino\/wp-json\/wp\/v2\/types\/post"}],"author":[{"embeddable":true,"href":"https:\/\/blogs.elcomercio.es\/reflexiones-de-belarmino\/wp-json\/wp\/v2\/users\/16"}],"replies":[{"embeddable":true,"href":"https:\/\/blogs.elcomercio.es\/reflexiones-de-belarmino\/wp-json\/wp\/v2\/comments?post=32307"}],"version-history":[{"count":2,"href":"https:\/\/blogs.elcomercio.es\/reflexiones-de-belarmino\/wp-json\/wp\/v2\/posts\/32307\/revisions"}],"predecessor-version":[{"id":32309,"href":"https:\/\/blogs.elcomercio.es\/reflexiones-de-belarmino\/wp-json\/wp\/v2\/posts\/32307\/revisions\/32309"}],"wp:attachment":[{"href":"https:\/\/blogs.elcomercio.es\/reflexiones-de-belarmino\/wp-json\/wp\/v2\/media?parent=32307"}],"wp:term":[{"taxonomy":"category","embeddable":true,"href":"https:\/\/blogs.elcomercio.es\/reflexiones-de-belarmino\/wp-json\/wp\/v2\/categories?post=32307"},{"taxonomy":"post_tag","embeddable":true,"href":"https:\/\/blogs.elcomercio.es\/reflexiones-de-belarmino\/wp-json\/wp\/v2\/tags?post=32307"}],"curies":[{"name":"wp","href":"https:\/\/api.w.org\/{rel}","templated":true}]}}