{"id":32376,"date":"2023-09-24T09:56:54","date_gmt":"2023-09-24T07:56:54","guid":{"rendered":"https:\/\/blogs.elcomercio.es\/reflexiones-de-belarmino\/?p=32376"},"modified":"2023-09-24T09:56:54","modified_gmt":"2023-09-24T07:56:54","slug":"crisis-interna-en-el-partido-popular-hoy-feijoo-reunira-unos-miles-fracasara-en-su-investidura-lucha-interna-por-su-sucesion","status":"publish","type":"post","link":"https:\/\/blogs.elcomercio.es\/reflexiones-de-belarmino\/2023\/09\/24\/crisis-interna-en-el-partido-popular-hoy-feijoo-reunira-unos-miles-fracasara-en-su-investidura-lucha-interna-por-su-sucesion\/","title":{"rendered":"\u00a1\u00a1\u00a1CRISIS INTERNA EN EL PARTIDO POPULAR. HOY FEIJ\u00d3O REUNIR\u00c1 UNOS MILES, FRACASAR\u00c1 EN SU INVESTIDURA, LUCHA INTERNA POR SU SUCESI\u00d3N !!!"},"content":{"rendered":"<p><b>Cuanto lamentar\u00e1 el haber dejado la comodidad de su tierra, amo y se\u00f1or\u00a0durante a\u00f1os y a\u00f1os, apoyados\u00a0por los caciques como Baltar para intentar ser lider nacional. Por supuesto mostr\u00f3 que no estaba a la altura, y hoy, ante unos miles en Madrid como autobuses pagados de todo el pa\u00eds, vivir\u00e1 un acto que ser\u00e1 su despedida. Esta semana, rememorando a Tamames, fracasar\u00e1 en su investidura y volver\u00e1 al terru\u00f1o.<\/b><\/p>\n<p><b>Deja a su partido m\u00e1s partido que cuando lleg\u00f3, y la lucha interna est\u00e1 abierta. D\u00edaz Ayuso que aspira a presidir el Partido y ganar las generales del 2028 y Juanma Moreno el presidente de Andaluc\u00eda, m\u00e1s el problema de Samper de \u00faltima hora.<\/b><\/p>\n<p><b>Investido Pedro S\u00e1nchez, durante cuatro a\u00f1os, estar\u00e1n en la oposici\u00f3n, en el momento en que la Espa\u00f1a mayoritaria\u00a0y trabajadora y de grandes avances sociales, iniciar\u00e1 la Nueva Espa\u00f1a, que nos merecemos<\/b><\/p>\n<p>&nbsp;<\/p>\n<!-- AddThis Advanced Settings generic via filter on the_content --><!-- AddThis Share Buttons generic via filter on the_content -->","protected":false},"excerpt":{"rendered":"<p>Cuanto lamentar\u00e1 el haber dejado la comodidad de su tierra, amo y se\u00f1or\u00a0durante a\u00f1os y a\u00f1os, apoyados\u00a0por los caciques como Baltar para intentar ser lider nacional. Por supuesto mostr\u00f3 que no estaba a la altura, y hoy, ante unos miles en Madrid como autobuses pagados de todo el pa\u00eds, vivir\u00e1 un acto que ser\u00e1 su [&hellip;]<!-- AddThis Advanced Settings generic via filter on get_the_excerpt --><!-- AddThis Share Buttons generic via filter on get_the_excerpt --><\/p>\n","protected":false},"author":16,"featured_media":0,"comment_status":"open","ping_status":"closed","sticky":false,"template":"","format":"standard","meta":[],"categories":[1],"tags":[],"_links":{"self":[{"href":"https:\/\/blogs.elcomercio.es\/reflexiones-de-belarmino\/wp-json\/wp\/v2\/posts\/32376"}],"collection":[{"href":"https:\/\/blogs.elcomercio.es\/reflexiones-de-belarmino\/wp-json\/wp\/v2\/posts"}],"about":[{"href":"https:\/\/blogs.elcomercio.es\/reflexiones-de-belarmino\/wp-json\/wp\/v2\/types\/post"}],"author":[{"embeddable":true,"href":"https:\/\/blogs.elcomercio.es\/reflexiones-de-belarmino\/wp-json\/wp\/v2\/users\/16"}],"replies":[{"embeddable":true,"href":"https:\/\/blogs.elcomercio.es\/reflexiones-de-belarmino\/wp-json\/wp\/v2\/comments?post=32376"}],"version-history":[{"count":1,"href":"https:\/\/blogs.elcomercio.es\/reflexiones-de-belarmino\/wp-json\/wp\/v2\/posts\/32376\/revisions"}],"predecessor-version":[{"id":32377,"href":"https:\/\/blogs.elcomercio.es\/reflexiones-de-belarmino\/wp-json\/wp\/v2\/posts\/32376\/revisions\/32377"}],"wp:attachment":[{"href":"https:\/\/blogs.elcomercio.es\/reflexiones-de-belarmino\/wp-json\/wp\/v2\/media?parent=32376"}],"wp:term":[{"taxonomy":"category","embeddable":true,"href":"https:\/\/blogs.elcomercio.es\/reflexiones-de-belarmino\/wp-json\/wp\/v2\/categories?post=32376"},{"taxonomy":"post_tag","embeddable":true,"href":"https:\/\/blogs.elcomercio.es\/reflexiones-de-belarmino\/wp-json\/wp\/v2\/tags?post=32376"}],"curies":[{"name":"wp","href":"https:\/\/api.w.org\/{rel}","templated":true}]}}