{"id":32388,"date":"2023-09-24T18:38:23","date_gmt":"2023-09-24T16:38:23","guid":{"rendered":"https:\/\/blogs.elcomercio.es\/reflexiones-de-belarmino\/?p=32388"},"modified":"2023-09-24T18:38:23","modified_gmt":"2023-09-24T16:38:23","slug":"ucrania-teme-que-se-divida-su-pais-este-es-el-mapa-que-quedaria-entre-rusia-y-ucrania","status":"publish","type":"post","link":"https:\/\/blogs.elcomercio.es\/reflexiones-de-belarmino\/2023\/09\/24\/ucrania-teme-que-se-divida-su-pais-este-es-el-mapa-que-quedaria-entre-rusia-y-ucrania\/","title":{"rendered":"\u00a1\u00a1\u00a1\u00a1\u00a1UCRANIA TEME QUE SE DIVIDA SU PA\u00cdS . ESTE ES EL MAPA QUE QUEDAR\u00cdA  ENTRE  RUSIA Y UCRANIA !!!"},"content":{"rendered":"<p><b>En Ucrania, cada d\u00eda es mayor el temor de que el pa\u00eds termine dividi\u00e9ndose, si no hay cambio militar y ante\u00a0 el desgaste y la presi\u00f3n internacional. Hemos mantenido hace meses, tan s\u00f3lo viendo el mapa del a\u00f1o y medio de hostilidades, que Rusia se quedar\u00e1 con los 1,200 km del Donbass, el sur de la entrada del Mar de Azov por Mariupol, Lugansk y Jers\u00f3n y, por supuesto Crimea.<\/b><\/p>\n<p><strong>Ucrania con sus tres grandes ciudades desde KIev, Jarkov y Odessa, su entrada al Mar Negro por esa ciudad, y todo el oeste del r\u00edo Dnieper.<\/strong><\/p>\n<p><strong>\u00bfEl momento?: en que ante la falta de avance de Ucrania, el desgaste y el des\u00e1nimo internacional forzar\u00e1n a un cambio negociado..<\/strong><\/p>\n<p><b>Para efectos del nuevo esquema mundial, Occidente habr\u00e1 logrado la consolidaci\u00f3n de EE.UU., la Uni\u00f3n\u00a0Europea y el Reino Unido y los paises que queden de la Commonwelth.En el camino EE:UU saldr\u00e1 victorioso, dejando a una d\u00e9bil\u00a0y desunida Uni\u00f3n Europea, donde ya la recesi\u00f3n\u00a0de Alemania y de Italia son un ejemplo.<\/b><\/p>\n<p><strong>Sin embargo a diferencia de Oriente, con un gran avance con el resto del mundo, donde durante siglos Europa arras\u00f3 y dej\u00f3 en todos los paises &#8220;muertos en los armarios&#8221;, se ir\u00e1n uniendo alrededor de China, India, Rusia, Brasil y Sud\u00e1frica, en los Estados Unidos, cuya huelga de automotriz sigue imparable, con una fractura interna, y la posibilidad de lo que significar\u00edan las nuevas elecciones del 2024.<\/strong><\/p>\n<p><strong>El mundo est\u00e1 dando un giro constante d\u00eda, que nos acerque a &#8220;Una Tierra, una familia, un futuro&#8221; lema de Modi en el G20.<\/strong><\/p>\n<p><strong>Se abre un nuevo camino para esta nueva etapa del ser humano, del cual no dudamos.<\/strong><\/p>\n<!-- AddThis Advanced Settings generic via filter on the_content --><!-- AddThis Share Buttons generic via filter on the_content -->","protected":false},"excerpt":{"rendered":"<p>En Ucrania, cada d\u00eda es mayor el temor de que el pa\u00eds termine dividi\u00e9ndose, si no hay cambio militar y ante\u00a0 el desgaste y la presi\u00f3n internacional. Hemos mantenido hace meses, tan s\u00f3lo viendo el mapa del a\u00f1o y medio de hostilidades, que Rusia se quedar\u00e1 con los 1,200 km del Donbass, el sur de [&hellip;]<!-- AddThis Advanced Settings generic via filter on get_the_excerpt --><!-- AddThis Share Buttons generic via filter on get_the_excerpt --><\/p>\n","protected":false},"author":16,"featured_media":0,"comment_status":"open","ping_status":"closed","sticky":false,"template":"","format":"standard","meta":[],"categories":[1],"tags":[],"_links":{"self":[{"href":"https:\/\/blogs.elcomercio.es\/reflexiones-de-belarmino\/wp-json\/wp\/v2\/posts\/32388"}],"collection":[{"href":"https:\/\/blogs.elcomercio.es\/reflexiones-de-belarmino\/wp-json\/wp\/v2\/posts"}],"about":[{"href":"https:\/\/blogs.elcomercio.es\/reflexiones-de-belarmino\/wp-json\/wp\/v2\/types\/post"}],"author":[{"embeddable":true,"href":"https:\/\/blogs.elcomercio.es\/reflexiones-de-belarmino\/wp-json\/wp\/v2\/users\/16"}],"replies":[{"embeddable":true,"href":"https:\/\/blogs.elcomercio.es\/reflexiones-de-belarmino\/wp-json\/wp\/v2\/comments?post=32388"}],"version-history":[{"count":2,"href":"https:\/\/blogs.elcomercio.es\/reflexiones-de-belarmino\/wp-json\/wp\/v2\/posts\/32388\/revisions"}],"predecessor-version":[{"id":32390,"href":"https:\/\/blogs.elcomercio.es\/reflexiones-de-belarmino\/wp-json\/wp\/v2\/posts\/32388\/revisions\/32390"}],"wp:attachment":[{"href":"https:\/\/blogs.elcomercio.es\/reflexiones-de-belarmino\/wp-json\/wp\/v2\/media?parent=32388"}],"wp:term":[{"taxonomy":"category","embeddable":true,"href":"https:\/\/blogs.elcomercio.es\/reflexiones-de-belarmino\/wp-json\/wp\/v2\/categories?post=32388"},{"taxonomy":"post_tag","embeddable":true,"href":"https:\/\/blogs.elcomercio.es\/reflexiones-de-belarmino\/wp-json\/wp\/v2\/tags?post=32388"}],"curies":[{"name":"wp","href":"https:\/\/api.w.org\/{rel}","templated":true}]}}