{"id":32396,"date":"2023-09-25T12:48:56","date_gmt":"2023-09-25T10:48:56","guid":{"rendered":"https:\/\/blogs.elcomercio.es\/reflexiones-de-belarmino\/?p=32396"},"modified":"2023-09-25T12:48:56","modified_gmt":"2023-09-25T10:48:56","slug":"como-llegamos-a-hoy-y-por-que-el-optimismo-hacia-el-futuro","status":"publish","type":"post","link":"https:\/\/blogs.elcomercio.es\/reflexiones-de-belarmino\/2023\/09\/25\/como-llegamos-a-hoy-y-por-que-el-optimismo-hacia-el-futuro\/","title":{"rendered":"\u00a1\u00a1\u00a1\u00a1\u00a1\u00bf COMO LLEGAMOS A HOY Y POR QU\u00c9 EL OPTIMISMO HACIA EL FUTURO ?!!!!"},"content":{"rendered":"<p><b>Partamos de 1492. C\u00f3lon , con la informaci\u00f3n del Islam y de China ,aprendidas a trav\u00e9s\u00a0de los libros de Marco Polo, abre el mundo global, a trav\u00e9s\u00a0de los oc\u00e9anos. Primero los espa\u00f1oles y portugueses,luego la Gran Breta\u00f1a, tras ellos Francia y los Pa\u00edses\u00a0Bajos, mientras\u00a0Alemania manten\u00eda el control del centro de Europa, se lanzaron por los mares y conquistaron, esclavizaron\u00a0continentes enteros: Am\u00e9rica, Asia, Africa y durante casi 400 a\u00f1os, trasladaron las riquezas de aquellos paises a la matriz: Europa, hasta convertirse en el centro del poder econ\u00f3mico\u00a0mundial<\/b><\/p>\n<p><b>Con la Revoluci\u00f3n Industrial, la lucha de la reuni\u00f3n de Berlin en 1870, necesitados los europeos de nuevos\u00a0 territorios, esclavos\u00a0y materias\u00a0primas se dividen Africa entre 8 de esos paises: Reino Unido, Francia, Portugal, Pa\u00edses\u00a0Bajos,Alemania, B\u00e9lgica,, Italia y Espa\u00f1a, pero en forma tal que insatisfechos los alemanes provocaron la Primera Guerra Mundial. Caer\u00eda el Imperio Astrohungaro, el Imperio Aleman , el Imperio Otomano\u00a0 y el Ruso..<\/b><\/p>\n<p><b>Tras los dorados veintes, sin imaginarlo, en 1929, entra la Gran Depresi\u00f3n, lo que conducir\u00e1 a los fascismos\u00a0y nos\u00a0llevar\u00e1n\u00a0hasta 1944 y Bretton Woods., donde la gran potencia mundial, los Estados Unidos se eleva como hegem\u00f3nica. Pero talentosos, sabiendo que si Europa no tendr\u00edan mercados, se lanzan al Plan Marshall y levantan con sus recursos y hacen sus grandes negocios, hasta ser la potencia hegem\u00f3nica.<\/b><\/p>\n<p><strong>Surge el FMI, el BM, la ONU y el Patron dolar que substituye por primera vez en la historia al Patron Oro.<\/strong><\/p>\n<p><strong>Y de ah\u00ed surgen los 75 a\u00f1os de paz en Europa, en mil a\u00f1os, que ni nos enteramos.<\/strong><\/p>\n<p><strong>Pero, tras Marx y Engels, surgen los Partidos Comunistas Mundiales, primero en Rusia, con una experiencia fallida, por la econom\u00eda planificada, pero surgir\u00e1n otras como La revoluci\u00f3n China, la Cubana, la Vietnamita.<\/strong><\/p>\n<p><b>Pero a diferencia de la Rusa, La Rep\u00fablica\u00a0Popular China manda al extranjero a miles de sus mejores j\u00f3venes a estudiar que era el capitalismo y el mercado, y justo a tiempo, crean un modelo que avanza poderoso. Bajo el control de los 88 millones de ciudadanos chinos en el Partido, implantan el modelo del Mercado.<\/b><\/p>\n<p><b>Y ah\u00ed se van, pero no solos. Todos los paises donde desde 1492, arrasaron los europeos y EE:UU con ellos, encontraron\u00a0un camino que est\u00e1 siendo fruct\u00edfero. Y crean los BRICS, como eje. Brasil, Rusia, India China y Sud\u00e1frica, alrededor de los cuales\u00a0 crearan el nuevo orden mundial, ya no bajo el control de Occidente, nunca antes desafiado, sino con todo el Sur Mundial.. A ellos se incorporan el Sur Global, y aquellos paises como Cuba y Venezuela, renacen, tras resistir todos los embates de Occidente<\/b><\/p>\n<p><strong>Y en este a\u00f1o se precipit\u00f3 el Mundo Unipolar que cam<\/strong><strong>biar\u00e1n todas las instituciones creadas en Bretton Woods, quedando el G 7, los grandes poderes de Occidente con el 28 % del PIB Mundia., y por supuesto acabar\u00e1 el dolar como moneda \u00fanica en el mundo.<\/strong><\/p>\n<p><b>Nuestra generaci\u00f3n ser\u00e1 testigo de los cambios del 2023 al 2030. Viene un mundo mejor, mas igualitarios, con un especie capaz de resolver todos los problemas que deja el antiguo orden, como el Cambio Clim\u00e1tico, la desigualdad\u00a0econ\u00f3mica y una Estructura Financiera obsoleta<\/b><\/p>\n<p>&nbsp;<\/p>\n<p>&nbsp;<\/p>\n<p>&nbsp;<\/p>\n<!-- AddThis Advanced Settings generic via filter on the_content --><!-- AddThis Share Buttons generic via filter on the_content -->","protected":false},"excerpt":{"rendered":"<p>Partamos de 1492. C\u00f3lon , con la informaci\u00f3n del Islam y de China ,aprendidas a trav\u00e9s\u00a0de los libros de Marco Polo, abre el mundo global, a trav\u00e9s\u00a0de los oc\u00e9anos. Primero los espa\u00f1oles y portugueses,luego la Gran Breta\u00f1a, tras ellos Francia y los Pa\u00edses\u00a0Bajos, mientras\u00a0Alemania manten\u00eda el control del centro de Europa, se lanzaron por los [&hellip;]<!-- AddThis Advanced Settings generic via filter on get_the_excerpt --><!-- AddThis Share Buttons generic via filter on get_the_excerpt --><\/p>\n","protected":false},"author":16,"featured_media":0,"comment_status":"open","ping_status":"closed","sticky":false,"template":"","format":"standard","meta":[],"categories":[1],"tags":[],"_links":{"self":[{"href":"https:\/\/blogs.elcomercio.es\/reflexiones-de-belarmino\/wp-json\/wp\/v2\/posts\/32396"}],"collection":[{"href":"https:\/\/blogs.elcomercio.es\/reflexiones-de-belarmino\/wp-json\/wp\/v2\/posts"}],"about":[{"href":"https:\/\/blogs.elcomercio.es\/reflexiones-de-belarmino\/wp-json\/wp\/v2\/types\/post"}],"author":[{"embeddable":true,"href":"https:\/\/blogs.elcomercio.es\/reflexiones-de-belarmino\/wp-json\/wp\/v2\/users\/16"}],"replies":[{"embeddable":true,"href":"https:\/\/blogs.elcomercio.es\/reflexiones-de-belarmino\/wp-json\/wp\/v2\/comments?post=32396"}],"version-history":[{"count":3,"href":"https:\/\/blogs.elcomercio.es\/reflexiones-de-belarmino\/wp-json\/wp\/v2\/posts\/32396\/revisions"}],"predecessor-version":[{"id":32399,"href":"https:\/\/blogs.elcomercio.es\/reflexiones-de-belarmino\/wp-json\/wp\/v2\/posts\/32396\/revisions\/32399"}],"wp:attachment":[{"href":"https:\/\/blogs.elcomercio.es\/reflexiones-de-belarmino\/wp-json\/wp\/v2\/media?parent=32396"}],"wp:term":[{"taxonomy":"category","embeddable":true,"href":"https:\/\/blogs.elcomercio.es\/reflexiones-de-belarmino\/wp-json\/wp\/v2\/categories?post=32396"},{"taxonomy":"post_tag","embeddable":true,"href":"https:\/\/blogs.elcomercio.es\/reflexiones-de-belarmino\/wp-json\/wp\/v2\/tags?post=32396"}],"curies":[{"name":"wp","href":"https:\/\/api.w.org\/{rel}","templated":true}]}}