{"id":32400,"date":"2023-09-25T13:05:33","date_gmt":"2023-09-25T11:05:33","guid":{"rendered":"https:\/\/blogs.elcomercio.es\/reflexiones-de-belarmino\/?p=32400"},"modified":"2023-09-25T13:05:33","modified_gmt":"2023-09-25T11:05:33","slug":"dolorisima-muerte-de-marcelino-gutierrez-amigo-hombre-de-la-cuenca-generoso","status":"publish","type":"post","link":"https:\/\/blogs.elcomercio.es\/reflexiones-de-belarmino\/2023\/09\/25\/dolorisima-muerte-de-marcelino-gutierrez-amigo-hombre-de-la-cuenca-generoso\/","title":{"rendered":"\u00a1\u00a1\u00a1\u00a1\u00a1\u00a1 DOLORISIMA MUERTE DE MARCELINO GUTIERREZ, AMIGO, HOMBRE DE LA CUENCA, GENEROSO !!!"},"content":{"rendered":"<p><b>Me acaban de dar un golpazo. Uno de los pocos amigos en Gij\u00f3n, extraordinaria persona, Marcelino Gutierrerez, fue\u00a0conmigo y con mi familia, un factor fundamental.Hombre joven\u00a0, siempre le dec\u00eda\u00a0que pod\u00eda ser mi hijo, al fallecer ayer a los 48 a\u00f1os de un infarto nos deja una autentico\u00a0vaci\u00f3, como aquel que tomando un caf\u00e9 me enter\u00f3\u00a0por \u00e9l que su padre habia muerto de Covid.<\/b><\/p>\n<p><b>MARCELINO , amigo, nunca me podr\u00e9 olvidar de ti y la cr\u00eda, donde ten\u00eda el pendiente de invitarlos a la inauguraci\u00f3n\u00a0del Tren Maya y al Caribe Mexicano.<\/b><\/p>\n<p><strong>Eras con I\u00f1igo, los dos \u00fanicos asturianos que me abrieron las puertas generosas.<\/strong><\/p>\n<p><strong>De ti, tu prudencia, tu profesionalidad y tu sencillez quedan imborrables en mi memoria, mientras viva.<\/strong><\/p>\n<p>&nbsp;<\/p>\n<p>&nbsp;<\/p>\n<p>&nbsp;<\/p>\n<!-- AddThis Advanced Settings generic via filter on the_content --><!-- AddThis Share Buttons generic via filter on the_content -->","protected":false},"excerpt":{"rendered":"<p>Me acaban de dar un golpazo. Uno de los pocos amigos en Gij\u00f3n, extraordinaria persona, Marcelino Gutierrerez, fue\u00a0conmigo y con mi familia, un factor fundamental.Hombre joven\u00a0, siempre le dec\u00eda\u00a0que pod\u00eda ser mi hijo, al fallecer ayer a los 48 a\u00f1os de un infarto nos deja una autentico\u00a0vaci\u00f3, como aquel que tomando un caf\u00e9 me enter\u00f3\u00a0por [&hellip;]<!-- AddThis Advanced Settings generic via filter on get_the_excerpt --><!-- AddThis Share Buttons generic via filter on get_the_excerpt --><\/p>\n","protected":false},"author":16,"featured_media":0,"comment_status":"open","ping_status":"closed","sticky":false,"template":"","format":"standard","meta":[],"categories":[1],"tags":[],"_links":{"self":[{"href":"https:\/\/blogs.elcomercio.es\/reflexiones-de-belarmino\/wp-json\/wp\/v2\/posts\/32400"}],"collection":[{"href":"https:\/\/blogs.elcomercio.es\/reflexiones-de-belarmino\/wp-json\/wp\/v2\/posts"}],"about":[{"href":"https:\/\/blogs.elcomercio.es\/reflexiones-de-belarmino\/wp-json\/wp\/v2\/types\/post"}],"author":[{"embeddable":true,"href":"https:\/\/blogs.elcomercio.es\/reflexiones-de-belarmino\/wp-json\/wp\/v2\/users\/16"}],"replies":[{"embeddable":true,"href":"https:\/\/blogs.elcomercio.es\/reflexiones-de-belarmino\/wp-json\/wp\/v2\/comments?post=32400"}],"version-history":[{"count":1,"href":"https:\/\/blogs.elcomercio.es\/reflexiones-de-belarmino\/wp-json\/wp\/v2\/posts\/32400\/revisions"}],"predecessor-version":[{"id":32401,"href":"https:\/\/blogs.elcomercio.es\/reflexiones-de-belarmino\/wp-json\/wp\/v2\/posts\/32400\/revisions\/32401"}],"wp:attachment":[{"href":"https:\/\/blogs.elcomercio.es\/reflexiones-de-belarmino\/wp-json\/wp\/v2\/media?parent=32400"}],"wp:term":[{"taxonomy":"category","embeddable":true,"href":"https:\/\/blogs.elcomercio.es\/reflexiones-de-belarmino\/wp-json\/wp\/v2\/categories?post=32400"},{"taxonomy":"post_tag","embeddable":true,"href":"https:\/\/blogs.elcomercio.es\/reflexiones-de-belarmino\/wp-json\/wp\/v2\/tags?post=32400"}],"curies":[{"name":"wp","href":"https:\/\/api.w.org\/{rel}","templated":true}]}}