{"id":32404,"date":"2023-09-26T09:17:46","date_gmt":"2023-09-26T07:17:46","guid":{"rendered":"https:\/\/blogs.elcomercio.es\/reflexiones-de-belarmino\/?p=32404"},"modified":"2023-09-26T09:17:46","modified_gmt":"2023-09-26T07:17:46","slug":"aprovechan-los-carteles-de-sinaloa-y-el-jalisco-nuevas-generaciones-la-avalancha-de-emigrantes-ene-chiapas-para-introducir-la-droga-e-u-u-no-ha-estado-a-la-altura","status":"publish","type":"post","link":"https:\/\/blogs.elcomercio.es\/reflexiones-de-belarmino\/2023\/09\/26\/aprovechan-los-carteles-de-sinaloa-y-el-jalisco-nuevas-generaciones-la-avalancha-de-emigrantes-ene-chiapas-para-introducir-la-droga-e-u-u-no-ha-estado-a-la-altura\/","title":{"rendered":"\u00a1\u00a1\u00a1\u00a1APROVECHAN LOS CARTELES DE SINALOA Y EL JALISCO NUEVAS GENERACIONES, LA AVALANCHA DE EMIGRANTES ENE CHIAPAS PARA INTRODUCIR LA DROGA. E.U.U NO HA ESTADO A LA ALTURA !!!"},"content":{"rendered":"<p><strong>Es tal la avalancha de emigrantes de todo el mundo, que EU y M\u00e9xico se han visto desbordados. Hace 5 a\u00f1os L\u00f3pez Obrador sugiri\u00f3 a Biden invertir 4,000 millones de d\u00f3lares en Centro Am\u00e9rica, para dar trabajo digno a sus habitantes y evitar que tuvieran que salir, por necesidad de sus paises. La Vicepresidenta Kamala Harris fu\u00e9 la autora de aquellas palabras: &#8221; Nadie se va de su tierra, de su casa, de su familia, sino es por necesidad aguda&#8221;.<\/strong><\/p>\n<p><b>El proyecto de L\u00f3pez Obrador, nunca fue entendido por Biden, y ah\u00ed est\u00e1n\u00a0las consecuencias. Hoy hay 11,000 personas tratando de entrar por la frontera sur, en Guatemala, y M\u00e9xico ya ha dicho que est\u00e1n desbordado, pero adem\u00e1s alert\u00f3 los Carteles de Sinaloa y del Jalisco Nuevas Generaciones tratan de ocupar espacios\u00a0en ese estado y aumentar el env\u00edo\u00a0de la droga a los Estados Unidos.<\/b><\/p>\n<p><b>Se olvidan tanto los EE:UU. como Europa, que\u00a0 en 476, ante el congelamiento del Rhin, permiti\u00f3 el paso de los llamados B\u00e1rbaros\u00a0del Norte que acabaron con el Imperio Romano de Occidente. Hoy los llamados B\u00e1rbaros\u00a0del Sur, avisan&#8230;..<\/b><\/p>\n<!-- AddThis Advanced Settings generic via filter on the_content --><!-- AddThis Share Buttons generic via filter on the_content -->","protected":false},"excerpt":{"rendered":"<p>Es tal la avalancha de emigrantes de todo el mundo, que EU y M\u00e9xico se han visto desbordados. Hace 5 a\u00f1os L\u00f3pez Obrador sugiri\u00f3 a Biden invertir 4,000 millones de d\u00f3lares en Centro Am\u00e9rica, para dar trabajo digno a sus habitantes y evitar que tuvieran que salir, por necesidad de sus paises. La Vicepresidenta Kamala [&hellip;]<!-- AddThis Advanced Settings generic via filter on get_the_excerpt --><!-- AddThis Share Buttons generic via filter on get_the_excerpt --><\/p>\n","protected":false},"author":16,"featured_media":0,"comment_status":"open","ping_status":"closed","sticky":false,"template":"","format":"standard","meta":[],"categories":[1],"tags":[],"_links":{"self":[{"href":"https:\/\/blogs.elcomercio.es\/reflexiones-de-belarmino\/wp-json\/wp\/v2\/posts\/32404"}],"collection":[{"href":"https:\/\/blogs.elcomercio.es\/reflexiones-de-belarmino\/wp-json\/wp\/v2\/posts"}],"about":[{"href":"https:\/\/blogs.elcomercio.es\/reflexiones-de-belarmino\/wp-json\/wp\/v2\/types\/post"}],"author":[{"embeddable":true,"href":"https:\/\/blogs.elcomercio.es\/reflexiones-de-belarmino\/wp-json\/wp\/v2\/users\/16"}],"replies":[{"embeddable":true,"href":"https:\/\/blogs.elcomercio.es\/reflexiones-de-belarmino\/wp-json\/wp\/v2\/comments?post=32404"}],"version-history":[{"count":3,"href":"https:\/\/blogs.elcomercio.es\/reflexiones-de-belarmino\/wp-json\/wp\/v2\/posts\/32404\/revisions"}],"predecessor-version":[{"id":32407,"href":"https:\/\/blogs.elcomercio.es\/reflexiones-de-belarmino\/wp-json\/wp\/v2\/posts\/32404\/revisions\/32407"}],"wp:attachment":[{"href":"https:\/\/blogs.elcomercio.es\/reflexiones-de-belarmino\/wp-json\/wp\/v2\/media?parent=32404"}],"wp:term":[{"taxonomy":"category","embeddable":true,"href":"https:\/\/blogs.elcomercio.es\/reflexiones-de-belarmino\/wp-json\/wp\/v2\/categories?post=32404"},{"taxonomy":"post_tag","embeddable":true,"href":"https:\/\/blogs.elcomercio.es\/reflexiones-de-belarmino\/wp-json\/wp\/v2\/tags?post=32404"}],"curies":[{"name":"wp","href":"https:\/\/api.w.org\/{rel}","templated":true}]}}