{"id":32488,"date":"2023-10-01T14:22:16","date_gmt":"2023-10-01T12:22:16","guid":{"rendered":"https:\/\/blogs.elcomercio.es\/reflexiones-de-belarmino\/?p=32488"},"modified":"2023-10-01T14:22:16","modified_gmt":"2023-10-01T12:22:16","slug":"de-nuevo-francisco-i-mueve-ficha-y-profundiza-su-reforma-con-la-creacion-de-21-nuevos-cardenales","status":"publish","type":"post","link":"https:\/\/blogs.elcomercio.es\/reflexiones-de-belarmino\/2023\/10\/01\/de-nuevo-francisco-i-mueve-ficha-y-profundiza-su-reforma-con-la-creacion-de-21-nuevos-cardenales\/","title":{"rendered":"\u00a1\u00a1\u00a1\u00a1DE NUEVO, FRANCISCO I, MUEVE FICHA Y PROFUNDIZA SU REFORMA CON LA CREACI\u00d3N DE 21 NUEVOS CARDENALES !!!"},"content":{"rendered":"<p><b>Quien no entienda que los cambios que realiza\u00a0el Papa Francisco I, primer jesuita en lograrlo, no tienen repercusiones\u00a0nacionales, no entienden el\u00a0<\/b><b>proceso mundial\u00a0 ni el de Espa\u00f1a.Recuerdo, casualidad o no, que el 12 de septiembre Aznar explota antes que Feij\u00f3o por que ese d\u00eda nombran miembro de la Prefectura de los Obispos a Jos\u00e9 Cobo, el que ser\u00e1 el nuevo Tarancon, prologo de movimientos, que significan un fuerte golpe a la Iglesia espa\u00f1ola una de las m\u00e1s conservadoras del mundo.<\/b><\/p>\n<p><b>Pues, ayer, Francisco, vuelve a amover ficha y crea 21 nuevos purpurados, entre ellos tres espa\u00f1oles y uno de ellos espa\u00f1ol..<\/b><\/p>\n<p><b>El nuevo Colegio Cardenalicio lo integran 242 miembros, de los cuales 137 no han cumplido 80 a\u00f1os y pueden participar\u00a0en C\u00f3nclave\u00a0para\u00a0sucederlo. Con ello llegan al 70 % los cardenales nombrados\u00a0por Francisco, lo que garantiza la continuidad de sus reformas ene el seno de la Iglesia Cat\u00f3lica.<\/b><\/p>\n<p><strong>Los tres nuevos cardenal, Jos\u00e9 Cobo Cano nombrado hace 3 meses Arzobispo de Madrid y ayer Cardena; Francois- Xavier Bustillo nacido en Pamplona y hombre muy cercano al Papa y el asturiano Angel Fern\u00e1ndez Artime,\u00a0 que estuvo destacado en Argentina.<\/strong><\/p>\n<p><b>El resto de los nuevos cardenales que recibieron ayer la birreta y el anillo, son de: Sudan del Sur, Sud\u00e1frica, Tanzania, Malasia, Hong Kon y Tierra Santa,.<\/b><\/p>\n<p><strong>A nombre del gobierno espa\u00f1ol estuvo el Ministro de la Presidencia Felix Bola\u00f1os, quien puso en valor la labor del gobierno con el Vaticano en el marco de los principios de cooperaci\u00f3n y aconfesisonaliadad.<\/strong><\/p>\n<p>&nbsp;<\/p>\n<!-- AddThis Advanced Settings generic via filter on the_content --><!-- AddThis Share Buttons generic via filter on the_content -->","protected":false},"excerpt":{"rendered":"<p>Quien no entienda que los cambios que realiza\u00a0el Papa Francisco I, primer jesuita en lograrlo, no tienen repercusiones\u00a0nacionales, no entienden el\u00a0proceso mundial\u00a0 ni el de Espa\u00f1a.Recuerdo, casualidad o no, que el 12 de septiembre Aznar explota antes que Feij\u00f3o por que ese d\u00eda nombran miembro de la Prefectura de los Obispos a Jos\u00e9 Cobo, el [&hellip;]<!-- AddThis Advanced Settings generic via filter on get_the_excerpt --><!-- AddThis Share Buttons generic via filter on get_the_excerpt --><\/p>\n","protected":false},"author":16,"featured_media":0,"comment_status":"open","ping_status":"closed","sticky":false,"template":"","format":"standard","meta":[],"categories":[1],"tags":[],"_links":{"self":[{"href":"https:\/\/blogs.elcomercio.es\/reflexiones-de-belarmino\/wp-json\/wp\/v2\/posts\/32488"}],"collection":[{"href":"https:\/\/blogs.elcomercio.es\/reflexiones-de-belarmino\/wp-json\/wp\/v2\/posts"}],"about":[{"href":"https:\/\/blogs.elcomercio.es\/reflexiones-de-belarmino\/wp-json\/wp\/v2\/types\/post"}],"author":[{"embeddable":true,"href":"https:\/\/blogs.elcomercio.es\/reflexiones-de-belarmino\/wp-json\/wp\/v2\/users\/16"}],"replies":[{"embeddable":true,"href":"https:\/\/blogs.elcomercio.es\/reflexiones-de-belarmino\/wp-json\/wp\/v2\/comments?post=32488"}],"version-history":[{"count":2,"href":"https:\/\/blogs.elcomercio.es\/reflexiones-de-belarmino\/wp-json\/wp\/v2\/posts\/32488\/revisions"}],"predecessor-version":[{"id":32490,"href":"https:\/\/blogs.elcomercio.es\/reflexiones-de-belarmino\/wp-json\/wp\/v2\/posts\/32488\/revisions\/32490"}],"wp:attachment":[{"href":"https:\/\/blogs.elcomercio.es\/reflexiones-de-belarmino\/wp-json\/wp\/v2\/media?parent=32488"}],"wp:term":[{"taxonomy":"category","embeddable":true,"href":"https:\/\/blogs.elcomercio.es\/reflexiones-de-belarmino\/wp-json\/wp\/v2\/categories?post=32488"},{"taxonomy":"post_tag","embeddable":true,"href":"https:\/\/blogs.elcomercio.es\/reflexiones-de-belarmino\/wp-json\/wp\/v2\/tags?post=32488"}],"curies":[{"name":"wp","href":"https:\/\/api.w.org\/{rel}","templated":true}]}}