{"id":32531,"date":"2023-10-04T17:15:25","date_gmt":"2023-10-04T15:15:25","guid":{"rendered":"https:\/\/blogs.elcomercio.es\/reflexiones-de-belarmino\/?p=32531"},"modified":"2023-10-04T17:15:25","modified_gmt":"2023-10-04T15:15:25","slug":"la-gran-urgencia-es-aceptar-que-hemos-perdido-el-monopolio-del-sentido-de-la-sociedad-cardenal-jose-cobo-cano","status":"publish","type":"post","link":"https:\/\/blogs.elcomercio.es\/reflexiones-de-belarmino\/2023\/10\/04\/la-gran-urgencia-es-aceptar-que-hemos-perdido-el-monopolio-del-sentido-de-la-sociedad-cardenal-jose-cobo-cano\/","title":{"rendered":"\u00a1\u00a1\u00a1\u00a1\u00a1&#8221; LA GRAN URGENCIA ES ACEPTAR QUE HEMOS PERDIDO EL MONOPOLIO DEL SENTIDO DE LA SOCIEDAD&#8221;: CARDENAL JOSE COBO CANO !!!"},"content":{"rendered":"<p><strong>En tres meses, JOSE COBO CANO, ha sido nombrado ARZOBISPO DE MADRID\u00a0 y CARDENAL Por su edad se puede entender que Francisco I no lo ha impulsado para un periodo menor, que la Iglesia lo prepara para jugar un papel parecido al de TARANC\u00d3N en la Transici\u00f3n de 1978.<\/strong><\/p>\n<p><strong>&#8221; EL ROSTRO DE LA IGLESIA NO ESTA SOLO EN LOS CURAS&#8221; y\u00a0 que &#8220;LA GRAN URGENCIA ES ACEPTAR QUE HEMOS PERDIDO EL MONOPOLIO DEL SENTIDO DE LA SOCIEDAD &#8220;.<\/strong><\/p>\n<p><b>El cambio del modelo de 1978 en la sociedad espa\u00f1ola, viene del fondo de la sociedad, de la mayor\u00eda social del pa\u00eds y de la necesidad de enfrentar los desaf\u00edos\u00a0cara al futuro, llamase\u00a0 Reconciliaci\u00f3n nuevo modelo de Estado, o lo que requiera Espa\u00f1a en estos momentos. Como dice el Cardenal Cobo, es el MOMENTO DE DEJAR DE TENER MIEDO, DEJAR NUESTRO PEQUE\u00d1O MUNDO PROTEGIDO Y ABRIRNOS A LA REALIDAD\u00a0SOCIAL.<\/b><\/p>\n<p><b>Recordemos que hoy que se inicia el S\u00ednodo\u00a0de los\u00a0<\/b><b>Obispos en su Asamblea XVI en Roma, que de los 14 cardenales espa\u00f1oles, SOLO SIETE, TODOS NOMBRADOS POR FRANCISCO, podr\u00e1n participar en el C\u00f3nclave..<\/b><\/p>\n<p><strong>Nueva sociedad, nuevos partidos, nueva Iglesia, nueva Monarqu\u00eda, es lo que viene. Todo el ruido que escuchamos es por que los que oponen, SABE QUE VIENE.<\/strong><\/p>\n<p>&nbsp;<\/p>\n<!-- AddThis Advanced Settings generic via filter on the_content --><!-- AddThis Share Buttons generic via filter on the_content -->","protected":false},"excerpt":{"rendered":"<p>En tres meses, JOSE COBO CANO, ha sido nombrado ARZOBISPO DE MADRID\u00a0 y CARDENAL Por su edad se puede entender que Francisco I no lo ha impulsado para un periodo menor, que la Iglesia lo prepara para jugar un papel parecido al de TARANC\u00d3N en la Transici\u00f3n de 1978. &#8221; EL ROSTRO DE LA IGLESIA [&hellip;]<!-- AddThis Advanced Settings generic via filter on get_the_excerpt --><!-- AddThis Share Buttons generic via filter on get_the_excerpt --><\/p>\n","protected":false},"author":16,"featured_media":0,"comment_status":"open","ping_status":"closed","sticky":false,"template":"","format":"standard","meta":[],"categories":[1],"tags":[],"_links":{"self":[{"href":"https:\/\/blogs.elcomercio.es\/reflexiones-de-belarmino\/wp-json\/wp\/v2\/posts\/32531"}],"collection":[{"href":"https:\/\/blogs.elcomercio.es\/reflexiones-de-belarmino\/wp-json\/wp\/v2\/posts"}],"about":[{"href":"https:\/\/blogs.elcomercio.es\/reflexiones-de-belarmino\/wp-json\/wp\/v2\/types\/post"}],"author":[{"embeddable":true,"href":"https:\/\/blogs.elcomercio.es\/reflexiones-de-belarmino\/wp-json\/wp\/v2\/users\/16"}],"replies":[{"embeddable":true,"href":"https:\/\/blogs.elcomercio.es\/reflexiones-de-belarmino\/wp-json\/wp\/v2\/comments?post=32531"}],"version-history":[{"count":1,"href":"https:\/\/blogs.elcomercio.es\/reflexiones-de-belarmino\/wp-json\/wp\/v2\/posts\/32531\/revisions"}],"predecessor-version":[{"id":32532,"href":"https:\/\/blogs.elcomercio.es\/reflexiones-de-belarmino\/wp-json\/wp\/v2\/posts\/32531\/revisions\/32532"}],"wp:attachment":[{"href":"https:\/\/blogs.elcomercio.es\/reflexiones-de-belarmino\/wp-json\/wp\/v2\/media?parent=32531"}],"wp:term":[{"taxonomy":"category","embeddable":true,"href":"https:\/\/blogs.elcomercio.es\/reflexiones-de-belarmino\/wp-json\/wp\/v2\/categories?post=32531"},{"taxonomy":"post_tag","embeddable":true,"href":"https:\/\/blogs.elcomercio.es\/reflexiones-de-belarmino\/wp-json\/wp\/v2\/tags?post=32531"}],"curies":[{"name":"wp","href":"https:\/\/api.w.org\/{rel}","templated":true}]}}