{"id":32561,"date":"2023-10-06T09:20:48","date_gmt":"2023-10-06T07:20:48","guid":{"rendered":"https:\/\/blogs.elcomercio.es\/reflexiones-de-belarmino\/?p=32561"},"modified":"2023-10-06T09:20:48","modified_gmt":"2023-10-06T07:20:48","slug":"cuando-este-maduro-el-proyecto-el-psoe-enviara-al-duro-santos-cerda-a-negociar-con-puigdemont","status":"publish","type":"post","link":"https:\/\/blogs.elcomercio.es\/reflexiones-de-belarmino\/2023\/10\/06\/cuando-este-maduro-el-proyecto-el-psoe-enviara-al-duro-santos-cerda-a-negociar-con-puigdemont\/","title":{"rendered":"\u00a1\u00a1\u00a1CUANDO ESTE MADURO EL PROYECTO, EL PSOE ENVIAR\u00c1 AL DURO SANTOS CERDA A NEGOCIAR CON PUIGDEMONT !!!"},"content":{"rendered":"<p><strong>Hay cuadros visibles y otros menos, pero no menos importantes. Uno de ellos es el veterano socialista Santos Cerd\u00e1, el Secretario del Organizaci\u00f3n de la Ejecutiva del PSOE, uno de los hombres poderosos en la sombra. &#8221; Cuando este maduro el proyecto, el PSOE, enviar\u00e1 un dirigente para negociar con Puigdemont&#8221;, comunic\u00f3 ayer el partido. Ese hombre, duro, ser\u00e1 Santos Cerd\u00e1.<\/strong><\/p>\n<!-- AddThis Advanced Settings generic via filter on the_content --><!-- AddThis Share Buttons generic via filter on the_content -->","protected":false},"excerpt":{"rendered":"<p>Hay cuadros visibles y otros menos, pero no menos importantes. Uno de ellos es el veterano socialista Santos Cerd\u00e1, el Secretario del Organizaci\u00f3n de la Ejecutiva del PSOE, uno de los hombres poderosos en la sombra. &#8221; Cuando este maduro el proyecto, el PSOE, enviar\u00e1 un dirigente para negociar con Puigdemont&#8221;, comunic\u00f3 ayer el partido. [&hellip;]<!-- AddThis Advanced Settings generic via filter on get_the_excerpt --><!-- AddThis Share Buttons generic via filter on get_the_excerpt --><\/p>\n","protected":false},"author":16,"featured_media":0,"comment_status":"open","ping_status":"closed","sticky":false,"template":"","format":"standard","meta":[],"categories":[1],"tags":[],"_links":{"self":[{"href":"https:\/\/blogs.elcomercio.es\/reflexiones-de-belarmino\/wp-json\/wp\/v2\/posts\/32561"}],"collection":[{"href":"https:\/\/blogs.elcomercio.es\/reflexiones-de-belarmino\/wp-json\/wp\/v2\/posts"}],"about":[{"href":"https:\/\/blogs.elcomercio.es\/reflexiones-de-belarmino\/wp-json\/wp\/v2\/types\/post"}],"author":[{"embeddable":true,"href":"https:\/\/blogs.elcomercio.es\/reflexiones-de-belarmino\/wp-json\/wp\/v2\/users\/16"}],"replies":[{"embeddable":true,"href":"https:\/\/blogs.elcomercio.es\/reflexiones-de-belarmino\/wp-json\/wp\/v2\/comments?post=32561"}],"version-history":[{"count":1,"href":"https:\/\/blogs.elcomercio.es\/reflexiones-de-belarmino\/wp-json\/wp\/v2\/posts\/32561\/revisions"}],"predecessor-version":[{"id":32562,"href":"https:\/\/blogs.elcomercio.es\/reflexiones-de-belarmino\/wp-json\/wp\/v2\/posts\/32561\/revisions\/32562"}],"wp:attachment":[{"href":"https:\/\/blogs.elcomercio.es\/reflexiones-de-belarmino\/wp-json\/wp\/v2\/media?parent=32561"}],"wp:term":[{"taxonomy":"category","embeddable":true,"href":"https:\/\/blogs.elcomercio.es\/reflexiones-de-belarmino\/wp-json\/wp\/v2\/categories?post=32561"},{"taxonomy":"post_tag","embeddable":true,"href":"https:\/\/blogs.elcomercio.es\/reflexiones-de-belarmino\/wp-json\/wp\/v2\/tags?post=32561"}],"curies":[{"name":"wp","href":"https:\/\/api.w.org\/{rel}","templated":true}]}}