{"id":32563,"date":"2023-10-06T10:50:00","date_gmt":"2023-10-06T08:50:00","guid":{"rendered":"https:\/\/blogs.elcomercio.es\/reflexiones-de-belarmino\/?p=32563"},"modified":"2023-10-06T10:50:00","modified_gmt":"2023-10-06T08:50:00","slug":"sintesis-informativa-de-granada-zelensky-en-el-centro-buscando-apoyo-de-ue-por-si-falla-ee-uu-mientras-en-ucrania-los-rusos-bombardean-jarkov","status":"publish","type":"post","link":"https:\/\/blogs.elcomercio.es\/reflexiones-de-belarmino\/2023\/10\/06\/sintesis-informativa-de-granada-zelensky-en-el-centro-buscando-apoyo-de-ue-por-si-falla-ee-uu-mientras-en-ucrania-los-rusos-bombardean-jarkov\/","title":{"rendered":"\u00a1\u00a1\u00a1\u00a1SINTESIS INFORMATIVA DE GRANADA: &#8220;ZELENSKY, EN EL CENTRO, BUSCANDO APOYO DE UE POR SI FALLA EE.UU, MIENTRAS EN UCRANIA, LOS RUSOS BOMBARDEAN JARKOV!!!"},"content":{"rendered":"<p><b>Nosotros no tenemos mayor simpat\u00eda por Rusia que su historia, sus escritores, sus m\u00fasicos, sus talentos,; buscamos el an\u00e1lisis\u00a0de lo sucedido. Pero, viendo hoy los medios espa\u00f1oles\u00a0 todo gira alrededor de Zelensky, la necesidad de asegurar a Europa por sin EE:UU les falla, mientras, por supuesto Rusia ataca Jarkov, 20 muertos y un ni\u00f1o.<\/b><\/p>\n<p><b>Randolph Wearst,\u00a0 fundador de la prensa amarilla , que manipul\u00f3 conciencias en EE:UU contra el invasor europeo, Espa\u00f1a, y nos sac\u00f3 de all\u00ed.Am\u00e9rica para los americanos( que son s\u00f3lo una parte de Norteam\u00e9rica\u00a0y menos los Estados Unidos\u00a0de Norteam\u00e9rica\u00a0)<\/b><\/p>\n<p><strong>Igual que en China y en Rusia, aqu\u00ed nos han manipulado desde hace\u00a0 a\u00f1os. Dej\u00e9monos de\u00a0<\/strong><b>hipocres\u00edas.<\/b><\/p>\n<p><b>Desde 1944, toda la informaci\u00f3n que circulo en 46 a\u00f1os por Occidente\u00a0surgi\u00f3 de las agencias de noticias norteamericana( AP ), la francesa AFP y la del Reino Unido Reuters. Los malos siempre fueron los coreanos, los vietnamitas, los afganos, los arabes, los rojos latinoamericanos., por supuesto los rusos. No les sirvi\u00f3.La terca realidad nos indica donde est\u00e1n uni\u00e9ndose contra Occidente en todo el mundo.<\/b><\/p>\n<p><b>Observe como se comunican entre si los norteamericanos en las pel\u00edculas\u00a0como se\u00f1al de identidad: &#8221; Ha, yo estuvo en Corea, yo en Vietnam, yo en Afganist\u00e1n, yo en Siria.&#8221;<\/b><\/p>\n<p><b> La guerra y Wall Street, la correa de trasmisi\u00f3n\u00a0del gran imperio.<\/b><\/p>\n<!-- AddThis Advanced Settings generic via filter on the_content --><!-- AddThis Share Buttons generic via filter on the_content -->","protected":false},"excerpt":{"rendered":"<p>Nosotros no tenemos mayor simpat\u00eda por Rusia que su historia, sus escritores, sus m\u00fasicos, sus talentos,; buscamos el an\u00e1lisis\u00a0de lo sucedido. Pero, viendo hoy los medios espa\u00f1oles\u00a0 todo gira alrededor de Zelensky, la necesidad de asegurar a Europa por sin EE:UU les falla, mientras, por supuesto Rusia ataca Jarkov, 20 muertos y un ni\u00f1o. Randolph [&hellip;]<!-- AddThis Advanced Settings generic via filter on get_the_excerpt --><!-- AddThis Share Buttons generic via filter on get_the_excerpt --><\/p>\n","protected":false},"author":16,"featured_media":0,"comment_status":"open","ping_status":"closed","sticky":false,"template":"","format":"standard","meta":[],"categories":[1],"tags":[],"_links":{"self":[{"href":"https:\/\/blogs.elcomercio.es\/reflexiones-de-belarmino\/wp-json\/wp\/v2\/posts\/32563"}],"collection":[{"href":"https:\/\/blogs.elcomercio.es\/reflexiones-de-belarmino\/wp-json\/wp\/v2\/posts"}],"about":[{"href":"https:\/\/blogs.elcomercio.es\/reflexiones-de-belarmino\/wp-json\/wp\/v2\/types\/post"}],"author":[{"embeddable":true,"href":"https:\/\/blogs.elcomercio.es\/reflexiones-de-belarmino\/wp-json\/wp\/v2\/users\/16"}],"replies":[{"embeddable":true,"href":"https:\/\/blogs.elcomercio.es\/reflexiones-de-belarmino\/wp-json\/wp\/v2\/comments?post=32563"}],"version-history":[{"count":1,"href":"https:\/\/blogs.elcomercio.es\/reflexiones-de-belarmino\/wp-json\/wp\/v2\/posts\/32563\/revisions"}],"predecessor-version":[{"id":32564,"href":"https:\/\/blogs.elcomercio.es\/reflexiones-de-belarmino\/wp-json\/wp\/v2\/posts\/32563\/revisions\/32564"}],"wp:attachment":[{"href":"https:\/\/blogs.elcomercio.es\/reflexiones-de-belarmino\/wp-json\/wp\/v2\/media?parent=32563"}],"wp:term":[{"taxonomy":"category","embeddable":true,"href":"https:\/\/blogs.elcomercio.es\/reflexiones-de-belarmino\/wp-json\/wp\/v2\/categories?post=32563"},{"taxonomy":"post_tag","embeddable":true,"href":"https:\/\/blogs.elcomercio.es\/reflexiones-de-belarmino\/wp-json\/wp\/v2\/tags?post=32563"}],"curies":[{"name":"wp","href":"https:\/\/api.w.org\/{rel}","templated":true}]}}