{"id":32565,"date":"2023-10-06T12:30:18","date_gmt":"2023-10-06T10:30:18","guid":{"rendered":"https:\/\/blogs.elcomercio.es\/reflexiones-de-belarmino\/?p=32565"},"modified":"2023-10-06T12:30:18","modified_gmt":"2023-10-06T10:30:18","slug":"crisis-en-vox-dimite-el-gerente-tras-el-escandalo-del-envio-de-vox-a-la-fundacion-de-abascal-se-7-millones-de-euros","status":"publish","type":"post","link":"https:\/\/blogs.elcomercio.es\/reflexiones-de-belarmino\/2023\/10\/06\/crisis-en-vox-dimite-el-gerente-tras-el-escandalo-del-envio-de-vox-a-la-fundacion-de-abascal-se-7-millones-de-euros\/","title":{"rendered":"\u00a1\u00a1\u00a1CRISIS EN VOX. DIMITE EL GERENTE TRAS EL ESC\u00c1NDALO DEL ENVI\u00d3 DE VOX A LA FUNDACI\u00d3N DE ABASCAL SE 7 MILLONES DE EUROS !!!"},"content":{"rendered":"<p><strong>Poco a poco empieza a aclararse lo que hubo y hay detr\u00e1s de aquel chiringuito creado por Esperanza Aguirre a un se\u00f1or Salvador Abascal, incapaz de ganar un concejal en 5 a\u00f1os, con un salario de 78,000 euros anuales y que, de pronto, gracias a Aznar, Steve Bannon, lo ubica en el maya, y lo incorpora a The Movement, la Internacional Anticomunista, surge a nivel nacional, con la asesor\u00eda y el dinero de los israelitas y norteamericanos.<\/strong><\/p>\n<p><b>Algo no cuadraba, pero surgir\u00eda\u00a0la informaci\u00f3n de los cuadros dirigentes que abandonaban VOX en toda Espa\u00f1a, encabezada por la se\u00f1ora Olona.<\/b><\/p>\n<p><b>Esta semana se filtr\u00f3 una informaci\u00f3n que ocultaban. El &#8220;gerente&#8221; no secretario de finanzas de VOX,Juan Joss\u00e9 Izcorbe, envi\u00f3 a la Fundaci\u00f3n que preside el presidente del partido Santaiago Abascal presidente de su Fundaci\u00f3n Sisendo , en cuatro a\u00f1os, siete millones de euros, en total opacidad.<\/b><\/p>\n<p><b>Ayer tuvo que renunciar su &#8221; Gerente&#8221; el se\u00f1or Aizcorbe, que siendo el no. 2 en Barcelona\u00a0asisti\u00f3\u00a0 a aquella misa en recuerdo de Francisco Franco.<\/b><\/p>\n<p><b>Tan ha trascendido los posibles malos manejos del Bunker de Abascal, que ayer tuvieron que mandar una carta a todos sus afiliados, ech\u00e1ndole\u00a0la culpa a los medios de comunicaci\u00f3n, sin mayor explicaci\u00f3n<\/b><\/p>\n<p>&nbsp;<\/p>\n<p>&nbsp;<\/p>\n<!-- AddThis Advanced Settings generic via filter on the_content --><!-- AddThis Share Buttons generic via filter on the_content -->","protected":false},"excerpt":{"rendered":"<p>Poco a poco empieza a aclararse lo que hubo y hay detr\u00e1s de aquel chiringuito creado por Esperanza Aguirre a un se\u00f1or Salvador Abascal, incapaz de ganar un concejal en 5 a\u00f1os, con un salario de 78,000 euros anuales y que, de pronto, gracias a Aznar, Steve Bannon, lo ubica en el maya, y lo [&hellip;]<!-- AddThis Advanced Settings generic via filter on get_the_excerpt --><!-- AddThis Share Buttons generic via filter on get_the_excerpt --><\/p>\n","protected":false},"author":16,"featured_media":0,"comment_status":"open","ping_status":"closed","sticky":false,"template":"","format":"standard","meta":[],"categories":[1],"tags":[],"_links":{"self":[{"href":"https:\/\/blogs.elcomercio.es\/reflexiones-de-belarmino\/wp-json\/wp\/v2\/posts\/32565"}],"collection":[{"href":"https:\/\/blogs.elcomercio.es\/reflexiones-de-belarmino\/wp-json\/wp\/v2\/posts"}],"about":[{"href":"https:\/\/blogs.elcomercio.es\/reflexiones-de-belarmino\/wp-json\/wp\/v2\/types\/post"}],"author":[{"embeddable":true,"href":"https:\/\/blogs.elcomercio.es\/reflexiones-de-belarmino\/wp-json\/wp\/v2\/users\/16"}],"replies":[{"embeddable":true,"href":"https:\/\/blogs.elcomercio.es\/reflexiones-de-belarmino\/wp-json\/wp\/v2\/comments?post=32565"}],"version-history":[{"count":2,"href":"https:\/\/blogs.elcomercio.es\/reflexiones-de-belarmino\/wp-json\/wp\/v2\/posts\/32565\/revisions"}],"predecessor-version":[{"id":32567,"href":"https:\/\/blogs.elcomercio.es\/reflexiones-de-belarmino\/wp-json\/wp\/v2\/posts\/32565\/revisions\/32567"}],"wp:attachment":[{"href":"https:\/\/blogs.elcomercio.es\/reflexiones-de-belarmino\/wp-json\/wp\/v2\/media?parent=32565"}],"wp:term":[{"taxonomy":"category","embeddable":true,"href":"https:\/\/blogs.elcomercio.es\/reflexiones-de-belarmino\/wp-json\/wp\/v2\/categories?post=32565"},{"taxonomy":"post_tag","embeddable":true,"href":"https:\/\/blogs.elcomercio.es\/reflexiones-de-belarmino\/wp-json\/wp\/v2\/tags?post=32565"}],"curies":[{"name":"wp","href":"https:\/\/api.w.org\/{rel}","templated":true}]}}