{"id":32568,"date":"2023-10-06T17:55:09","date_gmt":"2023-10-06T15:55:09","guid":{"rendered":"https:\/\/blogs.elcomercio.es\/reflexiones-de-belarmino\/?p=32568"},"modified":"2023-10-06T17:55:09","modified_gmt":"2023-10-06T15:55:09","slug":"sumar-propone-amnistiar-a-todos-los-politicos-encausados-por-el-proces-desde-2013","status":"publish","type":"post","link":"https:\/\/blogs.elcomercio.es\/reflexiones-de-belarmino\/2023\/10\/06\/sumar-propone-amnistiar-a-todos-los-politicos-encausados-por-el-proces-desde-2013\/","title":{"rendered":"\u00a1\u00a1\u00a1 SUMAR PROPONE AMNISTIAR A TODOS LOS POL\u00cdTICOS ENCAUSADOS POR EL &#8220;PROC\u00c9S&#8221; DESDE 2013 !!!"},"content":{"rendered":"<p><b>Aunque sea el martes cuando Yolanda D\u00edaz\u00a0 presente la propuesta, hoy SUMAR acaba de proponer el amnistiar\u00a0a todos\u00a0los pol\u00edticos\u00a0encausados\u00a0desde 2013, polic\u00eda\u00a0incluidos, salvo los que tengan sangre de por medio y no menciona a Laura Borr\u00e1s..Parece impensable que suelte esta propuesta sin el previo acuerdo con el presidente\u00a0en funciones. Una medida de este tipo, antes de la manifestaci\u00f3n del domingo en Barcelona, tiene todo un sentido pol\u00edtico.<\/b><\/p>\n<p><b>\u00a0Dar estabilidad a Catalu\u00f1a y al Pa\u00eds\u00a0Vasco dentro de la normalidad democr\u00e1tica significar\u00eda\u00a0un importante avance en la consolidaci\u00f3n del pa\u00eds, en tanto no se creen las condiciones para\u00a0 un Cambio Constituci\u00f3n que define el tipo de Estado que necesitamos.<\/b><\/p>\n<p><b>Todo avance hacia el futuro debe de basarse en la valent\u00eda\u00a0y la audacia, sobre\u00a0teniendo en cuenta el estado del Poder Judicial y la aceleraci\u00f3n en convertir un problema pol\u00edtico en uno judicial,que hoy requiere mucho a la acci\u00f3n pol\u00edtica.<\/b><\/p>\n<!-- AddThis Advanced Settings generic via filter on the_content --><!-- AddThis Share Buttons generic via filter on the_content -->","protected":false},"excerpt":{"rendered":"<p>Aunque sea el martes cuando Yolanda D\u00edaz\u00a0 presente la propuesta, hoy SUMAR acaba de proponer el amnistiar\u00a0a todos\u00a0los pol\u00edticos\u00a0encausados\u00a0desde 2013, polic\u00eda\u00a0incluidos, salvo los que tengan sangre de por medio y no menciona a Laura Borr\u00e1s..Parece impensable que suelte esta propuesta sin el previo acuerdo con el presidente\u00a0en funciones. Una medida de este tipo, antes de [&hellip;]<!-- AddThis Advanced Settings generic via filter on get_the_excerpt --><!-- AddThis Share Buttons generic via filter on get_the_excerpt --><\/p>\n","protected":false},"author":16,"featured_media":0,"comment_status":"open","ping_status":"closed","sticky":false,"template":"","format":"standard","meta":[],"categories":[1],"tags":[],"_links":{"self":[{"href":"https:\/\/blogs.elcomercio.es\/reflexiones-de-belarmino\/wp-json\/wp\/v2\/posts\/32568"}],"collection":[{"href":"https:\/\/blogs.elcomercio.es\/reflexiones-de-belarmino\/wp-json\/wp\/v2\/posts"}],"about":[{"href":"https:\/\/blogs.elcomercio.es\/reflexiones-de-belarmino\/wp-json\/wp\/v2\/types\/post"}],"author":[{"embeddable":true,"href":"https:\/\/blogs.elcomercio.es\/reflexiones-de-belarmino\/wp-json\/wp\/v2\/users\/16"}],"replies":[{"embeddable":true,"href":"https:\/\/blogs.elcomercio.es\/reflexiones-de-belarmino\/wp-json\/wp\/v2\/comments?post=32568"}],"version-history":[{"count":1,"href":"https:\/\/blogs.elcomercio.es\/reflexiones-de-belarmino\/wp-json\/wp\/v2\/posts\/32568\/revisions"}],"predecessor-version":[{"id":32569,"href":"https:\/\/blogs.elcomercio.es\/reflexiones-de-belarmino\/wp-json\/wp\/v2\/posts\/32568\/revisions\/32569"}],"wp:attachment":[{"href":"https:\/\/blogs.elcomercio.es\/reflexiones-de-belarmino\/wp-json\/wp\/v2\/media?parent=32568"}],"wp:term":[{"taxonomy":"category","embeddable":true,"href":"https:\/\/blogs.elcomercio.es\/reflexiones-de-belarmino\/wp-json\/wp\/v2\/categories?post=32568"},{"taxonomy":"post_tag","embeddable":true,"href":"https:\/\/blogs.elcomercio.es\/reflexiones-de-belarmino\/wp-json\/wp\/v2\/tags?post=32568"}],"curies":[{"name":"wp","href":"https:\/\/api.w.org\/{rel}","templated":true}]}}