{"id":32571,"date":"2023-10-06T19:24:57","date_gmt":"2023-10-06T17:24:57","guid":{"rendered":"https:\/\/blogs.elcomercio.es\/reflexiones-de-belarmino\/?p=32571"},"modified":"2023-10-06T19:27:08","modified_gmt":"2023-10-06T17:27:08","slug":"de-paraiso-natural-a-paraiso-natural-de-cancun-a-asturias","status":"publish","type":"post","link":"https:\/\/blogs.elcomercio.es\/reflexiones-de-belarmino\/2023\/10\/06\/de-paraiso-natural-a-paraiso-natural-de-cancun-a-asturias\/","title":{"rendered":"\u00a1\u00a1\u00a1DE PARA\u00cdSO NATURAL A PARA\u00cdSO NATURAL..- DE CANCUN A ASTURIAS !!!"},"content":{"rendered":"<p><b>Hoy, al trasmitir el presidente su Ma\u00f1anera desde Chetumal, Quintana Roo, inevitablemente\u00a0surgi\u00f3 en la memoria\u00a0\u00a0la belleza de aquella carretera de 550,kil\u00f3metros, a la orilla del azul turquesa del Caribe Mexicano, donde se unieron el Palacio de Gobierno, con el Palacio de la Moncloa en Madrid, donde transitaron las imagenes del extreme\u00f1o\u00a0Gonzalo Guerrero con la princesa maya Za Zil, en una af\u00e1n de buscar la hermandad enetre M\u00e9xico y Espa\u00f1a y dejar atr\u00e1s lo de la Madre Patria y la Colonia, y el Tratado de Pesca entre M\u00e9xico y Espa\u00f1a, que nunca cuaj\u00f3 por que el Ministros\u00a0de Pesca y de Agricultura espa\u00f1ol, con la decisi\u00f3n del Jefe de Gobierno espa\u00f1ol, no volaba en avi\u00f3n.<\/b><\/p>\n<p><b>En ese marco conocimos, ya con la familia en M\u00e9rida Yucat\u00e1n, Cancun, Playa del Carmen, la Riviera Maya, Tulum, la laguna de Bacalar y el bah\u00eda de Chetumal., en una carretera que substitu\u00eda al vuelo 512 de Aerom\u00e9xico, uno al d\u00eda, que un\u00eda\u00a0M\u00e9rida con aquella capital, con cuyo gobernador Pedro Joaquin Coldwell, nos hab\u00edamos\u00a0conocido en la Universidad Iberoamericana\u00a0en 1968.<\/b><\/p>\n<p><b>Cuatro a\u00f1os de trabajo, desde\u00a0 la primera visita con un ingeniero de Seguros Am\u00e9rica, hasta lograr en 65\u00a0 viajes tener todos los Seguros del Gobierno del Estado, ganados a pulso de trabajo, con una compa\u00f1\u00eda Seguros Am\u00e9rica, la principal del pa\u00eds, que ve\u00eda en aquel &#8220;guerito&#8221; reci\u00e9n\u00a0llegado, siendo asesor de seguros empezando por los Gobernadores, que entre campa\u00f1a electoral y campa\u00f1a electoral en Yucat\u00e1n y Campeche, hab\u00eda logrado todos los seguros del gobierno de Quintana Roo y luego todos los del Gobierno de Yucat\u00e1n, a un personaje extra\u00f1o.<\/b><\/p>\n<p><b>Gracias a combinar siempre el trabajo con el placer, muchas veces iba en auto por esos 550 kms y observ\u00e9\u00a0la belleza de las Riviera Maya, la de Tulum, la Isla de Cozumel( donde est\u00e1 a 30 minutos ene ferry) la segunda barrera coralina\u00a0del mundo tras la de Australia, pero sin seis horas de navegaci\u00f3n, y m\u00e1s adelante la laguna de Bacalar hasta llegar a la serenidad de aquel Chetumal). Paraba el auto, en la orilla del Caribe, me desnudaba, nadaba y tomaba el sol desnudo, para proseguir ya a Chetumal, ya a Cancun.<\/b><\/p>\n<p><b>Sabedor de que la Pen\u00ednsula\u00a0de Yucat\u00e1n, no formaba\u00a0parte del macizo monta\u00f1oso de todo el continente, sino que hab\u00eda surgido del fon de del mar, con f\u00f3siles\u00a0marinos, animales y vegetales, y que con unos cent\u00edmetros\u00a0de tierra, todas las grandes lluvias, se filtraban .<\/b><b> y que debajo de toda la pen\u00ednsula hay miles de kil\u00f3metros\u00a0de r\u00edos subterr\u00e1neos, que afloraban en los llamados cenotes, gozaba en Xcaret con mis hijas y mi esposa, el nadar en esas aguas.\u00a0<\/b><\/p>\n<p><b>Todo ello, el Mar Caribe, las\u00a0 arenas blancas que no conservan el calor, los cenotes, acompa\u00f1ados\u00a0por los mayas a quienes siempre recordaba en Chan Santa Cuz, donde no s\u00f3lo resistieron a los espa\u00f1ole, sino desde 1810, tambi\u00e9n a\u00a0 los criollas que hab\u00edan hecho la independencia en la llamada Guerra de Castas, y que no fue\u00a0sino hasta 1,900 que fueron sometidos; la pir\u00e1mide\u00a0 de Tulum, en fin aquel\u00a0para\u00edso, que al regresar a Asturias Victor Manuel me preguntaba :<\/b><\/p>\n<p><b>\u00bf Dejaste aquel para\u00edso\u00a0para venir\u00a0a Asturias?. &#8221; Por supuesto, ahora he venido a mi\u00a0 otro para\u00edso\u00a0natural: .&#8221;.<\/b><\/p>\n<p><strong>De no haber mamado de los genes de Belarmino, Rafael y Pura y haber salido intocable, de 30 a\u00f1os del primer nivel de la pol\u00edtica mexicana con la familia, esposas, hijas y nietos\u00a0 en Cancun, no hubiera tenido la gran oportunidad de vivir con los 471 euros en Gij\u00f3n.<\/strong><\/p>\n<p><strong>La vida ense\u00f1a.<\/strong><\/p>\n<p><b>Quien\u00a0 en M\u00e9xico\u00a0 llor\u00f3 al casar a sus hijas a la orilla del Caribe al atardecer, por que pens\u00f3 que nunca iba a llegar a verlas casadas, lleva 17 a\u00f1os, con 83 de edad,\u00a0 en Gij\u00f3n, tan feliz como entonces.<\/b><\/p>\n<p>&nbsp;<\/p>\n<p>&nbsp;<\/p>\n<p>&nbsp;<\/p>\n<!-- AddThis Advanced Settings generic via filter on the_content --><!-- AddThis Share Buttons generic via filter on the_content -->","protected":false},"excerpt":{"rendered":"<p>Hoy, al trasmitir el presidente su Ma\u00f1anera desde Chetumal, Quintana Roo, inevitablemente\u00a0surgi\u00f3 en la memoria\u00a0\u00a0la belleza de aquella carretera de 550,kil\u00f3metros, a la orilla del azul turquesa del Caribe Mexicano, donde se unieron el Palacio de Gobierno, con el Palacio de la Moncloa en Madrid, donde transitaron las imagenes del extreme\u00f1o\u00a0Gonzalo Guerrero con la princesa [&hellip;]<!-- AddThis Advanced Settings generic via filter on get_the_excerpt --><!-- AddThis Share Buttons generic via filter on get_the_excerpt --><\/p>\n","protected":false},"author":16,"featured_media":0,"comment_status":"open","ping_status":"closed","sticky":false,"template":"","format":"standard","meta":[],"categories":[1],"tags":[],"_links":{"self":[{"href":"https:\/\/blogs.elcomercio.es\/reflexiones-de-belarmino\/wp-json\/wp\/v2\/posts\/32571"}],"collection":[{"href":"https:\/\/blogs.elcomercio.es\/reflexiones-de-belarmino\/wp-json\/wp\/v2\/posts"}],"about":[{"href":"https:\/\/blogs.elcomercio.es\/reflexiones-de-belarmino\/wp-json\/wp\/v2\/types\/post"}],"author":[{"embeddable":true,"href":"https:\/\/blogs.elcomercio.es\/reflexiones-de-belarmino\/wp-json\/wp\/v2\/users\/16"}],"replies":[{"embeddable":true,"href":"https:\/\/blogs.elcomercio.es\/reflexiones-de-belarmino\/wp-json\/wp\/v2\/comments?post=32571"}],"version-history":[{"count":5,"href":"https:\/\/blogs.elcomercio.es\/reflexiones-de-belarmino\/wp-json\/wp\/v2\/posts\/32571\/revisions"}],"predecessor-version":[{"id":32576,"href":"https:\/\/blogs.elcomercio.es\/reflexiones-de-belarmino\/wp-json\/wp\/v2\/posts\/32571\/revisions\/32576"}],"wp:attachment":[{"href":"https:\/\/blogs.elcomercio.es\/reflexiones-de-belarmino\/wp-json\/wp\/v2\/media?parent=32571"}],"wp:term":[{"taxonomy":"category","embeddable":true,"href":"https:\/\/blogs.elcomercio.es\/reflexiones-de-belarmino\/wp-json\/wp\/v2\/categories?post=32571"},{"taxonomy":"post_tag","embeddable":true,"href":"https:\/\/blogs.elcomercio.es\/reflexiones-de-belarmino\/wp-json\/wp\/v2\/tags?post=32571"}],"curies":[{"name":"wp","href":"https:\/\/api.w.org\/{rel}","templated":true}]}}