{"id":32607,"date":"2023-10-09T11:42:58","date_gmt":"2023-10-09T09:42:58","guid":{"rendered":"https:\/\/blogs.elcomercio.es\/reflexiones-de-belarmino\/?p=32607"},"modified":"2023-10-09T11:42:58","modified_gmt":"2023-10-09T09:42:58","slug":"mohammed-bin-salman-32-anos-el-hombre-que-encerro-a-los-800-mas-poderosos-en-el-ritz-carlton-y-tomo-el-poder","status":"publish","type":"post","link":"https:\/\/blogs.elcomercio.es\/reflexiones-de-belarmino\/2023\/10\/09\/mohammed-bin-salman-32-anos-el-hombre-que-encerro-a-los-800-mas-poderosos-en-el-ritz-carlton-y-tomo-el-poder\/","title":{"rendered":"\u00a1\u00a1\u00a1MOHAMMED BIN SALMAN, 32 A\u00d1OS, EL HOMBRE QUE ENCERR\u00d3 A LOS 800 M\u00c1S PODEROSOS EN EL RITZ CARLTON Y TOM\u00d3 EL PODER !!!"},"content":{"rendered":"<p><b>Aquel d\u00eda de noviembre de 2017, se realiz\u00f3 la redada m\u00e1s lujosa y poderosa del pa\u00eds y de parte de la historia.El &#8220;pr\u00edncipe\u00a0heredero&#8221; Mahammed Bin Salman\u00a0 de 26 a\u00f1os, mand\u00f3 capturar a jeques, pr\u00edncipes, ministros, y al todo poderoso Alawaleed bin Talal, el hombre de Apple y Twiter,\u00a0 y hasta 800 personas del gran poder pol\u00edtico\u00a0y econ\u00f3mico de Arabia Saudita, y dado que no los pod\u00eda meter en una c\u00e1rcel\u00a0, transform\u00f3 el lujoso Ritz Carlos, inaugurado 6 meses antes\u00a0 por el presidente de EE:UU y lo convirti\u00f3\u00a0en la c\u00e1rcel m\u00e1s lujoso del mundo.<\/b><\/p>\n<p><strong>Y ah\u00ed los tuvo, entre lujos, boleras, bebidas, pero sin libertad, hasta que cada uno pag\u00f3 su liberaci\u00f3n con su fortuna.<\/strong><\/p>\n<p><b>As\u00ed, de simple, guillotino\u00a0el poder econ\u00f3mico y pol\u00edtico\u00a0de Arabia Saudita, aquel pr\u00edncipe\u00a0heredero que m\u00e1s adelante descuartizar\u00eda e incinerar\u00eda\u00a0a Kashougui , el periodista cr\u00edtico, dentro de su embajada en Theer\u00e1n.<\/b><\/p>\n<p><strong>De ese tama\u00f1o es el personaje que, sin principio alguno, pero un poder total,\u00a0 iba a firmar el acuerdo con Israel y EE:UU, para reconocer a Jerusalen, capital de Israel.<\/strong><\/p>\n<p><strong>Pero Ir\u00e1n, Hezbol\u00e1 y Hamas, dieron el golpe inesperado. Ante la respuesta dur\u00edsima que se espera de Israel contra los palestinos, se medir\u00e1 m\u00e1s, antes de firmar ning\u00fan acuerdo<\/strong><\/p>\n<p>&nbsp;<\/p>\n<!-- AddThis Advanced Settings generic via filter on the_content --><!-- AddThis Share Buttons generic via filter on the_content -->","protected":false},"excerpt":{"rendered":"<p>Aquel d\u00eda de noviembre de 2017, se realiz\u00f3 la redada m\u00e1s lujosa y poderosa del pa\u00eds y de parte de la historia.El &#8220;pr\u00edncipe\u00a0heredero&#8221; Mahammed Bin Salman\u00a0 de 26 a\u00f1os, mand\u00f3 capturar a jeques, pr\u00edncipes, ministros, y al todo poderoso Alawaleed bin Talal, el hombre de Apple y Twiter,\u00a0 y hasta 800 personas del gran poder [&hellip;]<!-- AddThis Advanced Settings generic via filter on get_the_excerpt --><!-- AddThis Share Buttons generic via filter on get_the_excerpt --><\/p>\n","protected":false},"author":16,"featured_media":0,"comment_status":"open","ping_status":"closed","sticky":false,"template":"","format":"standard","meta":[],"categories":[1],"tags":[],"_links":{"self":[{"href":"https:\/\/blogs.elcomercio.es\/reflexiones-de-belarmino\/wp-json\/wp\/v2\/posts\/32607"}],"collection":[{"href":"https:\/\/blogs.elcomercio.es\/reflexiones-de-belarmino\/wp-json\/wp\/v2\/posts"}],"about":[{"href":"https:\/\/blogs.elcomercio.es\/reflexiones-de-belarmino\/wp-json\/wp\/v2\/types\/post"}],"author":[{"embeddable":true,"href":"https:\/\/blogs.elcomercio.es\/reflexiones-de-belarmino\/wp-json\/wp\/v2\/users\/16"}],"replies":[{"embeddable":true,"href":"https:\/\/blogs.elcomercio.es\/reflexiones-de-belarmino\/wp-json\/wp\/v2\/comments?post=32607"}],"version-history":[{"count":1,"href":"https:\/\/blogs.elcomercio.es\/reflexiones-de-belarmino\/wp-json\/wp\/v2\/posts\/32607\/revisions"}],"predecessor-version":[{"id":32608,"href":"https:\/\/blogs.elcomercio.es\/reflexiones-de-belarmino\/wp-json\/wp\/v2\/posts\/32607\/revisions\/32608"}],"wp:attachment":[{"href":"https:\/\/blogs.elcomercio.es\/reflexiones-de-belarmino\/wp-json\/wp\/v2\/media?parent=32607"}],"wp:term":[{"taxonomy":"category","embeddable":true,"href":"https:\/\/blogs.elcomercio.es\/reflexiones-de-belarmino\/wp-json\/wp\/v2\/categories?post=32607"},{"taxonomy":"post_tag","embeddable":true,"href":"https:\/\/blogs.elcomercio.es\/reflexiones-de-belarmino\/wp-json\/wp\/v2\/tags?post=32607"}],"curies":[{"name":"wp","href":"https:\/\/api.w.org\/{rel}","templated":true}]}}