{"id":32611,"date":"2023-10-09T14:10:27","date_gmt":"2023-10-09T12:10:27","guid":{"rendered":"https:\/\/blogs.elcomercio.es\/reflexiones-de-belarmino\/?p=32611"},"modified":"2023-10-09T14:10:27","modified_gmt":"2023-10-09T12:10:27","slug":"israel-cerca-gaza-dos-millones-entre-ellos-un-millon-de-ninos-sin-electricidad-agua-y-comida-desde-este-momento","status":"publish","type":"post","link":"https:\/\/blogs.elcomercio.es\/reflexiones-de-belarmino\/2023\/10\/09\/israel-cerca-gaza-dos-millones-entre-ellos-un-millon-de-ninos-sin-electricidad-agua-y-comida-desde-este-momento\/","title":{"rendered":"\u00a1\u00a1\u00a1\u00a1\u00a1ISRAEL CERCA GAZA. DOS MILLONES, ENTRE ELLOS UN MILL\u00d3N DE NI\u00d1OS, SIN ELECTRICIDAD, AGUA Y COMIDA, DESDE ESTE MOMENTO !!!"},"content":{"rendered":"<p><b>Gaza con 346 kms, es la suma de Gij\u00f3n y Aviles. Dentro hay dos millones de palestinos, de los cuales un mill\u00f3n son ni\u00f1os. En este momento Israel, los ha cercados\u00a0y los deja sin agua, electricidad\u00a0y comida.<\/b><\/p>\n<!-- AddThis Advanced Settings generic via filter on the_content --><!-- AddThis Share Buttons generic via filter on the_content -->","protected":false},"excerpt":{"rendered":"<p>Gaza con 346 kms, es la suma de Gij\u00f3n y Aviles. Dentro hay dos millones de palestinos, de los cuales un mill\u00f3n son ni\u00f1os. En este momento Israel, los ha cercados\u00a0y los deja sin agua, electricidad\u00a0y comida.<!-- AddThis Advanced Settings generic via filter on get_the_excerpt --><!-- AddThis Share Buttons generic via filter on get_the_excerpt --><\/p>\n","protected":false},"author":16,"featured_media":0,"comment_status":"open","ping_status":"closed","sticky":false,"template":"","format":"standard","meta":[],"categories":[1],"tags":[],"_links":{"self":[{"href":"https:\/\/blogs.elcomercio.es\/reflexiones-de-belarmino\/wp-json\/wp\/v2\/posts\/32611"}],"collection":[{"href":"https:\/\/blogs.elcomercio.es\/reflexiones-de-belarmino\/wp-json\/wp\/v2\/posts"}],"about":[{"href":"https:\/\/blogs.elcomercio.es\/reflexiones-de-belarmino\/wp-json\/wp\/v2\/types\/post"}],"author":[{"embeddable":true,"href":"https:\/\/blogs.elcomercio.es\/reflexiones-de-belarmino\/wp-json\/wp\/v2\/users\/16"}],"replies":[{"embeddable":true,"href":"https:\/\/blogs.elcomercio.es\/reflexiones-de-belarmino\/wp-json\/wp\/v2\/comments?post=32611"}],"version-history":[{"count":1,"href":"https:\/\/blogs.elcomercio.es\/reflexiones-de-belarmino\/wp-json\/wp\/v2\/posts\/32611\/revisions"}],"predecessor-version":[{"id":32612,"href":"https:\/\/blogs.elcomercio.es\/reflexiones-de-belarmino\/wp-json\/wp\/v2\/posts\/32611\/revisions\/32612"}],"wp:attachment":[{"href":"https:\/\/blogs.elcomercio.es\/reflexiones-de-belarmino\/wp-json\/wp\/v2\/media?parent=32611"}],"wp:term":[{"taxonomy":"category","embeddable":true,"href":"https:\/\/blogs.elcomercio.es\/reflexiones-de-belarmino\/wp-json\/wp\/v2\/categories?post=32611"},{"taxonomy":"post_tag","embeddable":true,"href":"https:\/\/blogs.elcomercio.es\/reflexiones-de-belarmino\/wp-json\/wp\/v2\/tags?post=32611"}],"curies":[{"name":"wp","href":"https:\/\/api.w.org\/{rel}","templated":true}]}}