{"id":32613,"date":"2023-10-09T18:14:31","date_gmt":"2023-10-09T16:14:31","guid":{"rendered":"https:\/\/blogs.elcomercio.es\/reflexiones-de-belarmino\/?p=32613"},"modified":"2023-10-09T18:14:31","modified_gmt":"2023-10-09T16:14:31","slug":"en-palenque-chiapas-se-reunen-once-presidentes-y-cancilleres-para-unir-fuerzas-ante-el-fenomeno-migratorio-con-ee-uu-hoy-desbordado","status":"publish","type":"post","link":"https:\/\/blogs.elcomercio.es\/reflexiones-de-belarmino\/2023\/10\/09\/en-palenque-chiapas-se-reunen-once-presidentes-y-cancilleres-para-unir-fuerzas-ante-el-fenomeno-migratorio-con-ee-uu-hoy-desbordado\/","title":{"rendered":"\u00a1\u00a1\u00a1EN PALENQUE, CHIAPAS, SE RE\u00daNEN ONCE  PRESIDENTES Y CANCILLERES, PARA UNIR FUERZAS ANTE EL FEN\u00d3MENO MIGRATORIO CON EE.UU., HOY, DESBORDADO !!! !!!"},"content":{"rendered":"<p><b>Como con la Uni\u00f3n Europea, pero en una dimensi\u00f3n mucho mayor, la migraci\u00f3n de todo el mundo por entrar a los Estados Unidos ha sido desbordada.Hoy el presidente de la Rep\u00fablica\u00a0Mexicana, acaba de anunciar en La Ma\u00f1anera, que ha invitado a reunirse en Palenque la ,gran ciudad maya en\u00a0 medio de la selva, a los presidentes de Ecuador, Colombia, Venezuela, Cuba, El Salvador, Belize, Guatemala, Costa Rica ,y Panam\u00e1, , para analizar el fen\u00f3meno y buscar ordenar y darle una soluci\u00f3n, ante la agresividad de los grupos\u00a0republicanos que quieren volver al muro ya reprimir a todo a<\/b><b>quel que lo intente cruzar a los EE:UU.<\/b><\/p>\n<p><b>Nueva York el estado que si recibe migrantes, est\u00e1\u00a0totalmente desbordado, pues le mandan los gobernadores republicanos del sur, cuanto emigrante logran capturar.<\/b><\/p>\n<p><b>Mientras no haya sensibilidad de los paises europeos y norteamericanos de invertir\u00a0 de todos los grandes recursos en los paises que, por miseria, sus hombres, mujeres y ni\u00f1os, tienen que abandonar. el fen\u00f3meno de los &#8220;b\u00e1rbaros\u00a0del sur&#8221; puede estallarles como aquellos del Norte acabaron con el Imperio Romano.<\/b><\/p>\n<!-- AddThis Advanced Settings generic via filter on the_content --><!-- AddThis Share Buttons generic via filter on the_content -->","protected":false},"excerpt":{"rendered":"<p>Como con la Uni\u00f3n Europea, pero en una dimensi\u00f3n mucho mayor, la migraci\u00f3n de todo el mundo por entrar a los Estados Unidos ha sido desbordada.Hoy el presidente de la Rep\u00fablica\u00a0Mexicana, acaba de anunciar en La Ma\u00f1anera, que ha invitado a reunirse en Palenque la ,gran ciudad maya en\u00a0 medio de la selva, a los [&hellip;]<!-- AddThis Advanced Settings generic via filter on get_the_excerpt --><!-- AddThis Share Buttons generic via filter on get_the_excerpt --><\/p>\n","protected":false},"author":16,"featured_media":0,"comment_status":"open","ping_status":"closed","sticky":false,"template":"","format":"standard","meta":[],"categories":[1],"tags":[],"_links":{"self":[{"href":"https:\/\/blogs.elcomercio.es\/reflexiones-de-belarmino\/wp-json\/wp\/v2\/posts\/32613"}],"collection":[{"href":"https:\/\/blogs.elcomercio.es\/reflexiones-de-belarmino\/wp-json\/wp\/v2\/posts"}],"about":[{"href":"https:\/\/blogs.elcomercio.es\/reflexiones-de-belarmino\/wp-json\/wp\/v2\/types\/post"}],"author":[{"embeddable":true,"href":"https:\/\/blogs.elcomercio.es\/reflexiones-de-belarmino\/wp-json\/wp\/v2\/users\/16"}],"replies":[{"embeddable":true,"href":"https:\/\/blogs.elcomercio.es\/reflexiones-de-belarmino\/wp-json\/wp\/v2\/comments?post=32613"}],"version-history":[{"count":3,"href":"https:\/\/blogs.elcomercio.es\/reflexiones-de-belarmino\/wp-json\/wp\/v2\/posts\/32613\/revisions"}],"predecessor-version":[{"id":32616,"href":"https:\/\/blogs.elcomercio.es\/reflexiones-de-belarmino\/wp-json\/wp\/v2\/posts\/32613\/revisions\/32616"}],"wp:attachment":[{"href":"https:\/\/blogs.elcomercio.es\/reflexiones-de-belarmino\/wp-json\/wp\/v2\/media?parent=32613"}],"wp:term":[{"taxonomy":"category","embeddable":true,"href":"https:\/\/blogs.elcomercio.es\/reflexiones-de-belarmino\/wp-json\/wp\/v2\/categories?post=32613"},{"taxonomy":"post_tag","embeddable":true,"href":"https:\/\/blogs.elcomercio.es\/reflexiones-de-belarmino\/wp-json\/wp\/v2\/tags?post=32613"}],"curies":[{"name":"wp","href":"https:\/\/api.w.org\/{rel}","templated":true}]}}