{"id":32617,"date":"2023-10-09T18:36:23","date_gmt":"2023-10-09T16:36:23","guid":{"rendered":"https:\/\/blogs.elcomercio.es\/reflexiones-de-belarmino\/?p=32617"},"modified":"2023-10-09T18:36:23","modified_gmt":"2023-10-09T16:36:23","slug":"la-respuesta-de-israel-va-a-hacer-cambiar-todo-oriente-proximo-netanyahu-la-historia-se-repite","status":"publish","type":"post","link":"https:\/\/blogs.elcomercio.es\/reflexiones-de-belarmino\/2023\/10\/09\/la-respuesta-de-israel-va-a-hacer-cambiar-todo-oriente-proximo-netanyahu-la-historia-se-repite\/","title":{"rendered":"\u00a1\u00a1\u00a1\u00a1&#8221;LA RESPUESTA DE ISRAEL VA A HACER CAMBIAR TODO ORIENTE PR\u00d3XIMO&#8221;: NETANYAHU.- LA HISTORIA SE REPITE !!! !!!"},"content":{"rendered":"<p><b>Empieza a surgir lo que hay detr\u00e1s de la in operaci\u00f3n\u00a0de el Mossad y del gobierno israelita,ante los ataques de Hamas el s\u00e1bado.Las\u00a0 grandes potencias, sab\u00edan del asalto de Hamas, que habia sido consultado ante Ir\u00e1n. La respuesta, como a lo largo de la historia, la acaba de anunciar Benjamin Netanyahu: &#8221; TRAS ESTE ATAQUE, LA RESPUESTA DE ISRAEL VA A HACER CAMBIAR TODO EL ORIENTE PR\u00d3XIMO &#8220;.<\/b><\/p>\n<p><b>\u00a0Gaza va a ser absorbida por Israel, Jerusalen Este, lo perder\u00e1n los \u00e1rabes, los asentamientos en Cisjordanania y los Altos del Gol\u00e1n continuaran, hasta que Israel se quede con todo el territorio. Misma t\u00e1ctica, que &#8220;los espa\u00f1oles acabaron\u00a0 con su buque insign\u00eda el Maine, en 1898 . Am\u00e9rica para los americanos.&#8221;.<\/b><\/p>\n<p><b>Arabia Saudita, como Marruecos y Emiratos Arabes Unidos, reconocer\u00e1 a Jerusalen, y con toda la paciencia, un pueblo que esper\u00f3\u00a02,000 a\u00f1os, va paso a paso.<\/b><\/p>\n<p><strong>Pero, no deber\u00edan de olvidar como termin\u00f3 la historia.<\/strong><\/p>\n<p><strong>Y aquella naci\u00f3n que se llam\u00f3 Palestina y sus millones de habitantes, \u00bf donde qued\u00f3 ?<\/strong><\/p>\n<p>&nbsp;<\/p>\n<!-- AddThis Advanced Settings generic via filter on the_content --><!-- AddThis Share Buttons generic via filter on the_content -->","protected":false},"excerpt":{"rendered":"<p>Empieza a surgir lo que hay detr\u00e1s de la in operaci\u00f3n\u00a0de el Mossad y del gobierno israelita,ante los ataques de Hamas el s\u00e1bado.Las\u00a0 grandes potencias, sab\u00edan del asalto de Hamas, que habia sido consultado ante Ir\u00e1n. La respuesta, como a lo largo de la historia, la acaba de anunciar Benjamin Netanyahu: &#8221; TRAS ESTE ATAQUE, [&hellip;]<!-- AddThis Advanced Settings generic via filter on get_the_excerpt --><!-- AddThis Share Buttons generic via filter on get_the_excerpt --><\/p>\n","protected":false},"author":16,"featured_media":0,"comment_status":"open","ping_status":"closed","sticky":false,"template":"","format":"standard","meta":[],"categories":[1],"tags":[],"_links":{"self":[{"href":"https:\/\/blogs.elcomercio.es\/reflexiones-de-belarmino\/wp-json\/wp\/v2\/posts\/32617"}],"collection":[{"href":"https:\/\/blogs.elcomercio.es\/reflexiones-de-belarmino\/wp-json\/wp\/v2\/posts"}],"about":[{"href":"https:\/\/blogs.elcomercio.es\/reflexiones-de-belarmino\/wp-json\/wp\/v2\/types\/post"}],"author":[{"embeddable":true,"href":"https:\/\/blogs.elcomercio.es\/reflexiones-de-belarmino\/wp-json\/wp\/v2\/users\/16"}],"replies":[{"embeddable":true,"href":"https:\/\/blogs.elcomercio.es\/reflexiones-de-belarmino\/wp-json\/wp\/v2\/comments?post=32617"}],"version-history":[{"count":3,"href":"https:\/\/blogs.elcomercio.es\/reflexiones-de-belarmino\/wp-json\/wp\/v2\/posts\/32617\/revisions"}],"predecessor-version":[{"id":32620,"href":"https:\/\/blogs.elcomercio.es\/reflexiones-de-belarmino\/wp-json\/wp\/v2\/posts\/32617\/revisions\/32620"}],"wp:attachment":[{"href":"https:\/\/blogs.elcomercio.es\/reflexiones-de-belarmino\/wp-json\/wp\/v2\/media?parent=32617"}],"wp:term":[{"taxonomy":"category","embeddable":true,"href":"https:\/\/blogs.elcomercio.es\/reflexiones-de-belarmino\/wp-json\/wp\/v2\/categories?post=32617"},{"taxonomy":"post_tag","embeddable":true,"href":"https:\/\/blogs.elcomercio.es\/reflexiones-de-belarmino\/wp-json\/wp\/v2\/tags?post=32617"}],"curies":[{"name":"wp","href":"https:\/\/api.w.org\/{rel}","templated":true}]}}