{"id":32621,"date":"2023-10-10T08:50:13","date_gmt":"2023-10-10T06:50:13","guid":{"rendered":"https:\/\/blogs.elcomercio.es\/reflexiones-de-belarmino\/?p=32621"},"modified":"2023-10-10T08:50:13","modified_gmt":"2023-10-10T06:50:13","slug":"israel-lleva-75-anos-haciendo-lo-que-hicieron-con-ellos-los-nazis-intocables-se-han-saltado-todas-las-leyes-gracias-a-ee-uu","status":"publish","type":"post","link":"https:\/\/blogs.elcomercio.es\/reflexiones-de-belarmino\/2023\/10\/10\/israel-lleva-75-anos-haciendo-lo-que-hicieron-con-ellos-los-nazis-intocables-se-han-saltado-todas-las-leyes-gracias-a-ee-uu\/","title":{"rendered":"\u00a1\u00a1\u00a1\u00a1ISRAEL LLEVA 75 A\u00d1OS HACIENDO LO QUE HICIERON CON ELLOS LOS NAZIS . INTOCABLES SE HAN SALTADO TODAS LAS LEYES GRACIAS A EE.UU !!!"},"content":{"rendered":"<p><b>Hasta mis hijas lloraron cuando aparecieron aquellas imaginases\u00a0de\u00a0los campos de extermino sobre los jud\u00edos. Un pueblo\u00a0respetado por sus valores y su lucha, trasmitida de generaci\u00f3n en generaci\u00f3n, se comporta desde hace 75 a\u00f1os que los brit\u00e1nicos los impusieron sobre el ancestral pueblo palestino,con la misma actitud que les criticamos a los nazis. <\/b><\/p>\n<p><b>Los bisnietos de aquel pueblo que viv\u00eda en paz hasta 1947, que la &#8220;comunidad internacional&#8221; les encima a un pueblo como Israel, y luego tras la guerra\u00a0de los 6 D\u00edas, se quedan\u00a0con 4 veces el territorio\u00a0original y que lleva condenando 50 a\u00f1os la ONU y que ellos,con el apoyo de los EE:UU: se han saltado\u00a0la resoluci\u00f3n 242, para regresar\u00a0aquellas 3\/ 4 partes, Sinai, Gaza, Cirjordania y los Altos del Gol\u00e1n, est\u00e1n\u00a0actuando\u00a0como los bisnietos de aquel pueblo perseguido dos milenios.<\/b><\/p>\n<p><b>La imposici\u00f3n\u00a0de otro 1940, el 47 de los Brit\u00e1nicos y Occidente, hace aparecer hoy un segundo conflicto mundial, m\u00e1s delicado\u00a0que el de Ucrania. Lamentamos muchos todas\u00a0las muertes de ambas partes pero esos\u00a0ha sido efecto de las causas que generaci\u00f3n\u00a0en 1947.<\/b><\/p>\n<p><b>A Ucrania, hay que agregarle\u00a0las tensiones\u00a0de Oriente Medio que vendr\u00e1n.<\/b><\/p>\n<p><!--nextpage--><\/p>\n<!-- AddThis Advanced Settings generic via filter on the_content --><!-- AddThis Share Buttons generic via filter on the_content -->","protected":false},"excerpt":{"rendered":"<p>Hasta mis hijas lloraron cuando aparecieron aquellas imaginases\u00a0de\u00a0los campos de extermino sobre los jud\u00edos. Un pueblo\u00a0respetado por sus valores y su lucha, trasmitida de generaci\u00f3n en generaci\u00f3n, se comporta desde hace 75 a\u00f1os que los brit\u00e1nicos los impusieron sobre el ancestral pueblo palestino,con la misma actitud que les criticamos a los nazis. Los bisnietos de [&hellip;]<!-- AddThis Advanced Settings generic via filter on get_the_excerpt --><!-- AddThis Share Buttons generic via filter on get_the_excerpt --><\/p>\n","protected":false},"author":16,"featured_media":0,"comment_status":"open","ping_status":"closed","sticky":false,"template":"","format":"standard","meta":[],"categories":[1],"tags":[],"_links":{"self":[{"href":"https:\/\/blogs.elcomercio.es\/reflexiones-de-belarmino\/wp-json\/wp\/v2\/posts\/32621"}],"collection":[{"href":"https:\/\/blogs.elcomercio.es\/reflexiones-de-belarmino\/wp-json\/wp\/v2\/posts"}],"about":[{"href":"https:\/\/blogs.elcomercio.es\/reflexiones-de-belarmino\/wp-json\/wp\/v2\/types\/post"}],"author":[{"embeddable":true,"href":"https:\/\/blogs.elcomercio.es\/reflexiones-de-belarmino\/wp-json\/wp\/v2\/users\/16"}],"replies":[{"embeddable":true,"href":"https:\/\/blogs.elcomercio.es\/reflexiones-de-belarmino\/wp-json\/wp\/v2\/comments?post=32621"}],"version-history":[{"count":1,"href":"https:\/\/blogs.elcomercio.es\/reflexiones-de-belarmino\/wp-json\/wp\/v2\/posts\/32621\/revisions"}],"predecessor-version":[{"id":32622,"href":"https:\/\/blogs.elcomercio.es\/reflexiones-de-belarmino\/wp-json\/wp\/v2\/posts\/32621\/revisions\/32622"}],"wp:attachment":[{"href":"https:\/\/blogs.elcomercio.es\/reflexiones-de-belarmino\/wp-json\/wp\/v2\/media?parent=32621"}],"wp:term":[{"taxonomy":"category","embeddable":true,"href":"https:\/\/blogs.elcomercio.es\/reflexiones-de-belarmino\/wp-json\/wp\/v2\/categories?post=32621"},{"taxonomy":"post_tag","embeddable":true,"href":"https:\/\/blogs.elcomercio.es\/reflexiones-de-belarmino\/wp-json\/wp\/v2\/tags?post=32621"}],"curies":[{"name":"wp","href":"https:\/\/api.w.org\/{rel}","templated":true}]}}