{"id":32667,"date":"2023-10-13T09:37:59","date_gmt":"2023-10-13T07:37:59","guid":{"rendered":"https:\/\/blogs.elcomercio.es\/reflexiones-de-belarmino\/?p=32667"},"modified":"2023-10-13T09:37:59","modified_gmt":"2023-10-13T07:37:59","slug":"albares-no-sea-cinico-y-los-6000-espanoles-en-gaza","status":"publish","type":"post","link":"https:\/\/blogs.elcomercio.es\/reflexiones-de-belarmino\/2023\/10\/13\/albares-no-sea-cinico-y-los-6000-espanoles-en-gaza\/","title":{"rendered":"\u00a1\u00a1\u00a1\u00a1ALBARES, NO SEA C\u00cdNICO.- \u00bfY LOS 6,000 ESPA\u00d1OLES EN GAZA ?!!!"},"content":{"rendered":"<p><b>Servilismo puro. Ayer, en la escalerilla del\u00a0avi\u00f3n recib\u00eda ,elegante y sonriente, a los 500 espa\u00f1oles y latinoamericanos que ven\u00edan\u00a0de Israel.Como ha pasado con la sumisi\u00f3n a Marruecos, el abandono a los saharuies, yo le pregunto: \u00a1 Y LOS 6,000 ESPA\u00d1OLES ATRAPADOS EN GAZA SIN AGUA, LUZ Y ALIMENTOS, \u00bf QUE HA HECHO USTED POR ELLOS ?.<\/b><\/p>\n<p>&nbsp;<\/p>\n<!-- AddThis Advanced Settings generic via filter on the_content --><!-- AddThis Share Buttons generic via filter on the_content -->","protected":false},"excerpt":{"rendered":"<p>Servilismo puro. Ayer, en la escalerilla del\u00a0avi\u00f3n recib\u00eda ,elegante y sonriente, a los 500 espa\u00f1oles y latinoamericanos que ven\u00edan\u00a0de Israel.Como ha pasado con la sumisi\u00f3n a Marruecos, el abandono a los saharuies, yo le pregunto: \u00a1 Y LOS 6,000 ESPA\u00d1OLES ATRAPADOS EN GAZA SIN AGUA, LUZ Y ALIMENTOS, \u00bf QUE HA HECHO USTED POR ELLOS [&hellip;]<!-- AddThis Advanced Settings generic via filter on get_the_excerpt --><!-- AddThis Share Buttons generic via filter on get_the_excerpt --><\/p>\n","protected":false},"author":16,"featured_media":0,"comment_status":"open","ping_status":"closed","sticky":false,"template":"","format":"standard","meta":[],"categories":[1],"tags":[],"_links":{"self":[{"href":"https:\/\/blogs.elcomercio.es\/reflexiones-de-belarmino\/wp-json\/wp\/v2\/posts\/32667"}],"collection":[{"href":"https:\/\/blogs.elcomercio.es\/reflexiones-de-belarmino\/wp-json\/wp\/v2\/posts"}],"about":[{"href":"https:\/\/blogs.elcomercio.es\/reflexiones-de-belarmino\/wp-json\/wp\/v2\/types\/post"}],"author":[{"embeddable":true,"href":"https:\/\/blogs.elcomercio.es\/reflexiones-de-belarmino\/wp-json\/wp\/v2\/users\/16"}],"replies":[{"embeddable":true,"href":"https:\/\/blogs.elcomercio.es\/reflexiones-de-belarmino\/wp-json\/wp\/v2\/comments?post=32667"}],"version-history":[{"count":1,"href":"https:\/\/blogs.elcomercio.es\/reflexiones-de-belarmino\/wp-json\/wp\/v2\/posts\/32667\/revisions"}],"predecessor-version":[{"id":32668,"href":"https:\/\/blogs.elcomercio.es\/reflexiones-de-belarmino\/wp-json\/wp\/v2\/posts\/32667\/revisions\/32668"}],"wp:attachment":[{"href":"https:\/\/blogs.elcomercio.es\/reflexiones-de-belarmino\/wp-json\/wp\/v2\/media?parent=32667"}],"wp:term":[{"taxonomy":"category","embeddable":true,"href":"https:\/\/blogs.elcomercio.es\/reflexiones-de-belarmino\/wp-json\/wp\/v2\/categories?post=32667"},{"taxonomy":"post_tag","embeddable":true,"href":"https:\/\/blogs.elcomercio.es\/reflexiones-de-belarmino\/wp-json\/wp\/v2\/tags?post=32667"}],"curies":[{"name":"wp","href":"https:\/\/api.w.org\/{rel}","templated":true}]}}